{"id":4375,"date":"2017-07-27T16:00:27","date_gmt":"2017-07-27T14:00:27","guid":{"rendered":"https:\/\/www.noworudzianin.pl\/WWW\/?p=4375"},"modified":"2023-08-15T16:35:13","modified_gmt":"2023-08-15T14:35:13","slug":"4375","status":"publish","type":"post","link":"https:\/\/www.noworudzianin.pl\/WWW\/2017\/07\/27\/4375\/","title":{"rendered":"W trakcie renowacji"},"content":{"rendered":"<p><script src=\"https:\/\/apis.google.com\/js\/platform.js\" async defer>\n  {lang: 'pl'}\n<\/script><\/p>\n<div class=\"g-plusone\" data-annotation=\"inline\" data-width=\"300\"><\/div>\n<p><iframe loading=\"lazy\" style=\"border: none; overflow: hidden;\" src=\"https:\/\/www.facebook.com\/plugins\/like.php?href=https%3A%2F%2Fwww.facebook.com%2FNoworudzianin%2F&amp;width=450&amp;layout=standard&amp;action=like&amp;size=large&amp;show_faces=true&amp;share=true&amp;height=80&amp;appId=245775052109201\" width=\"450\" height=\"80\" frameborder=\"0\" scrolling=\"no\"><\/iframe><\/p>\n<p>W najbli\u017csz\u0105 niedziel\u0119, na G\u00f3rze \u015bw. Anny, b\u0119dziemy prze\u017cywa\u0107 odpust ku czci patronki znajduj\u0105cego si\u0119 tam ko\u015bcio\u0142a \u2013 \u015bw. Anny. <!--more--><br \/>\nPrzypominamy kr\u00f3tko dzieje tej \u015bwi\u0105tyni.<br \/>\nW 1495 roku, gdy mieszka\u0144cy Nowej Rudy rozmy\u015blali nad budow\u0105 drewnianego ko\u015bci\u00f3\u0142ka w centrum \u00f3wczesnego miasta (przy dzisiejszej ul. Cmentarnej), nieznany artysta wyrze\u017abi\u0142 w drewnie figur\u0119. Przedstawia siedz\u0105c\u0105 na tronie \u015bw. Ann\u0119, trzymaj\u0105c\u0105 na kolanach Dzieci\u0105tko Jezus i kl\u0119cz\u0105c\u0105 obok m\u0142od\u0105 Maryj\u0119. Scena ta znana jest jako przedstawienie \u015bw. Anny Samotrzeciej. Dlaczego i jak ta noworudzka figura znalaz\u0142a si\u0119 w 1515 roku w wybudowanej na G\u00f3rze \u015bw. Anny kapliczce \u2013 tego nie wiadomo. Wiadomo jednak, \u017ce rze\u017aba \u015bw. Anny mia\u0142a po kilku wiekach da\u0107 asumpt do wybudowania w tym miejscu murowanej kaplicy. W 1644 roku Bernhard von Stillfried Starszy, \u00f3wczesny pan na zamku w Nowej Rudzie, zrealizowa\u0142 zamys\u0142 budowy. Wkr\u00f3tce kaplica z figur\u0105 \u015bw. Anny sta\u0142a si\u0119 miejscem pielgrzymek noworudzian. W 1665 roku, po przebudowie i powi\u0119kszeniu kaplicy, podniesiono j\u0105 do rangi ko\u015bcio\u0142a. W dzie\u0144 patronki \u2013 \u015bw. Anny zacz\u0119\u0142y odbywa\u0107 si\u0119 tam odpusty.<br \/>\nNa noworudzk\u0105 g\u00f3r\u0119, zar\u00f3wno od strony miasta, jak i \u015acinawki \u015aredniej oraz Dzikowca, prowadzi\u0142y drogi p\u0105tnicze z licznymi krzy\u017cami i kapliczkami. W latach osiemdziesi\u0105tych XVII wieku, przy szlaku p\u0105tniczym od strony Nowej Rudy, mieszka\u0144cy Bieganowa wznie\u015bli trzy kapliczki dzi\u0119kczynne, jako votum za ocalenie ich wsi od zarazy w 1680 roku. Po tej dacie ruch pielgrzymkowy na noworudzk\u0105 g\u00f3rk\u0119 znacznie wzr\u00f3s\u0142 i ko\u015bci\u00f3\u0142 \u015bw. Anny zacz\u0105\u0142 nabiera\u0107 blasku oraz wykwintnego wyposa\u017cenia.<\/p>\n<p><a href=\"https:\/\/www.noworudzianin.pl\/WWW\/wp-content\/uploads\/2017\/07\/W-trakcie-renowacji-2.jpg\"><img loading=\"lazy\" decoding=\"async\" class=\"alignnone size-large wp-image-4354\" src=\"https:\/\/www.noworudzianin.pl\/WWW\/wp-content\/uploads\/2017\/07\/W-trakcie-renowacji-2-630x350.jpg\" alt=\"\" width=\"630\" height=\"350\" srcset=\"https:\/\/www.noworudzianin.pl\/WWW\/wp-content\/uploads\/2017\/07\/W-trakcie-renowacji-2-630x350.jpg 630w, https:\/\/www.noworudzianin.pl\/WWW\/wp-content\/uploads\/2017\/07\/W-trakcie-renowacji-2-300x167.jpg 300w, https:\/\/www.noworudzianin.pl\/WWW\/wp-content\/uploads\/2017\/07\/W-trakcie-renowacji-2-768x427.jpg 768w, https:\/\/www.noworudzianin.pl\/WWW\/wp-content\/uploads\/2017\/07\/W-trakcie-renowacji-2.jpg 800w\" sizes=\"(max-width: 630px) 100vw, 630px\" \/><\/a><\/p>\n<p>W 1760 roku c\u00f3rka noworudzkiego dziedzica Michaela Raimunda Stillfrieda \u2013 Anna Maria z m\u0119\u017cem Franzem von Gotzenem, dziedzicem z Bo\u017ckowa, wyposa\u017cyli ko\u015bci\u00f3\u0142 w barkowy o\u0142tarz. W tym czasie \u015bwi\u0105tynia zyska\u0142a r\u00f3wnie\u017c ambon\u0119, balaski i dwa boczne o\u0142tarze. Wkr\u00f3tce otoczenie ko\u015bcio\u0142a sta\u0142o si\u0119 miejscem nie tylko corocznych odpust\u00f3w, ale i obchod\u00f3w \u015bwi\u0119ta g\u00f3rniczego (od 1811 roku). Sto lat p\u00f3\u017aniej ko\u015bci\u00f3\u0142 \u015bw. Anny wraz z figur\u0105 mia\u0142 pozosta\u0107 nieco zapomnianym.<br \/>\nTrudna sytuacja pocz\u0105tku XX wieku pozbawi\u0142a \u015bwi\u0105tyni\u0119 szans na renowacj\u0119, a ruch pielgrzymkowy zamar\u0142. Wobec braku odpowiedniej opieki ko\u015bci\u00f3\u0142 ulega\u0142 dewastacji. W\u00f3wczas, zapobiegliwy mieszkaniec Bieganowa, w obawie o dalszy los figury \u015bw. Anny Samotrzeciej, zabra\u0142 j\u0105 do domu. Po 1927 roku znalaz\u0142a miejsce w ko\u015bciele parafialnym \u015bw. Miko\u0142aja w Nowej Rudzie, gdzie dotrwa\u0142a do naszych czas\u00f3w.<br \/>\nPo II wojnie \u015bwiatowej polska spo\u0142eczno\u015b\u0107 katolicka, kt\u00f3ra osiedli\u0142a si\u0119 na tych ziemiach, nazbyt nie interesowa\u0142a si\u0119 ko\u015bcio\u0142em \u015bw. Anny, ograniczaj\u0105c si\u0119 do tradycyjnych Mszy \u015bw. odpustowych w dniu patronki. Co prawda, od lat sze\u015b\u0107dziesi\u0105tych XX wieku, \u015bwi\u0105tyni\u0105 opiekowali si\u0119 pustelnicy, jednak ko\u015bci\u00f3\u0142 zawsze by\u0142 ostatni w kolejce do renowacji. W ko\u0144cu doczeka\u0142 si\u0119 pierwszego, powojennego remontu w latach dziewi\u0119\u0107dziesi\u0105tych XX wieku, a to za spraw\u0105 jubileuszu 500-lecia figury \u015bw. Anny Samotrzeciej i 330-lecia konsekracji ko\u015bcio\u0142a (1995 rok). \u00d3wczesna renowacja okaza\u0142a si\u0119 by\u0107 wystarczaj\u0105ca na tyle, by przez kolejnych 20 lat \u015bwi\u0105tynia nie ulega\u0142a zniszczeniu.<br \/>\nW 2015 roku zawi\u0105za\u0142 si\u0119 Spo\u0142eczny Komitet Odbudowy Ko\u015bcio\u0142a \u015bw. Anny w Nowej Rudzie \u2013 inicjatywa maj\u0105ca na celu kompletn\u0105 renowacj\u0119 \u015bwi\u0105tyni oraz przyleg\u0142ej do niej pustelni. Dobr\u0105 dusz\u0105 tego przedsi\u0119wzi\u0119cia jest rodzina pa\u0144stwa Kokoci\u0144skich, kt\u00f3rzy wspieraj\u0105 to dzie\u0142o. Nie mo\u017cna zapomnie\u0107 o zdunie, murarzach, kamieniarzach, elektrykach, hydraulikach\u2026<\/p>\n<p align=\"center\"><script language=\"JavaScript\">\n<!--\nfunction FP_swapImg() {\/\/v1.0\n var doc=document,args=arguments,elm,n; doc.$imgSwaps=new Array(); for(n=2; n<args.length;\n n+=2) { elm=FP_getObjectByID(args[n]); if(elm) { doc.$imgSwaps[doc.$imgSwaps.length]=elm;\n elm.$src=elm.src; elm.src=args[n+1]; } }\n}\nfunction FP_preloadImgs() {\/\/v1.0\n var d=document,a=arguments; if(!d.FP_imgs) d.FP_imgs=new Array();\n for(var i=0; i<a.length; i++) { d.FP_imgs[i]=new Image; d.FP_imgs[i].src=a[i]; }\n}\nfunction FP_getObjectByID(id,o) {\/\/v1.0\n var c,el,els,f,m,n; if(!o)o=document; if(o.getElementById) el=o.getElementById(id);\n else if(o.layers) c=o.layers; else if(o.all) el=o.all[id]; if(el) return el;\n if(o.id==id || o.name==id) return o; if(o.childNodes) c=o.childNodes; if(c)\n for(n=0; n<c.length; n++) { el=FP_getObjectByID(id,c[n]); if(el) return el; }\n f=o.forms; if(f) for(n=0; n<f.length; n++) { els=f[n].elements;\n for(m=0; m<els.length; m++){ el=FP_getObjectByID(id,els[n]); if(el) return el; } } return null; } \/\/ -->\n<\/script><\/p>\n<p align=\"center\"><a href=\"http:\/\/www.noworudzianin.pl\/WWW\/images\/290_b.jpg\" target=\"_blank\" rel=\"noopener\"><br \/>\n<img loading=\"lazy\" decoding=\"async\" src=\"http:\/\/www.noworudzianin.pl\/WWW\/images\/290_b_small.jpg\" width=\"221\" height=\"300\" border=\"1\" \/><\/a><br \/>\n<span style=\"font-family: Verdana;\">Numer 290<br \/>\n<span style=\"font-size: small;\">28 lipca \u2013 3 sierpnia 2017 r.<\/span><\/span><\/p>\n","protected":false},"excerpt":{"rendered":"<p>W najbli\u017csz\u0105 niedziel\u0119, na G\u00f3rze \u015bw. Anny, b\u0119dziemy prze\u017cywa\u0107 odpust ku czci patronki znajduj\u0105cego si\u0119 tam ko\u015bcio\u0142a \u2013 \u015bw. Anny.<\/p>\n","protected":false},"author":6,"featured_media":4353,"comment_status":"open","ping_status":"open","sticky":false,"template":"","format":"standard","meta":{"om_disable_all_campaigns":false,"_monsterinsights_skip_tracking":false,"_monsterinsights_sitenote_active":false,"_monsterinsights_sitenote_note":"","_monsterinsights_sitenote_category":0,"_uf_show_specific_survey":0,"_uf_disable_surveys":false,"footnotes":""},"categories":[2,6],"tags":[210,20,5,1339,4,1341,1342],"aioseo_notices":[],"amp_enabled":true,"_links":{"self":[{"href":"https:\/\/www.noworudzianin.pl\/WWW\/wp-json\/wp\/v2\/posts\/4375"}],"collection":[{"href":"https:\/\/www.noworudzianin.pl\/WWW\/wp-json\/wp\/v2\/posts"}],"about":[{"href":"https:\/\/www.noworudzianin.pl\/WWW\/wp-json\/wp\/v2\/types\/post"}],"author":[{"embeddable":true,"href":"https:\/\/www.noworudzianin.pl\/WWW\/wp-json\/wp\/v2\/users\/6"}],"replies":[{"embeddable":true,"href":"https:\/\/www.noworudzianin.pl\/WWW\/wp-json\/wp\/v2\/comments?post=4375"}],"version-history":[{"count":4,"href":"https:\/\/www.noworudzianin.pl\/WWW\/wp-json\/wp\/v2\/posts\/4375\/revisions"}],"predecessor-version":[{"id":27841,"href":"https:\/\/www.noworudzianin.pl\/WWW\/wp-json\/wp\/v2\/posts\/4375\/revisions\/27841"}],"wp:featuredmedia":[{"embeddable":true,"href":"https:\/\/www.noworudzianin.pl\/WWW\/wp-json\/wp\/v2\/media\/4353"}],"wp:attachment":[{"href":"https:\/\/www.noworudzianin.pl\/WWW\/wp-json\/wp\/v2\/media?parent=4375"}],"wp:term":[{"taxonomy":"category","embeddable":true,"href":"https:\/\/www.noworudzianin.pl\/WWW\/wp-json\/wp\/v2\/categories?post=4375"},{"taxonomy":"post_tag","embeddable":true,"href":"https:\/\/www.noworudzianin.pl\/WWW\/wp-json\/wp\/v2\/tags?post=4375"}],"curies":[{"name":"wp","href":"https:\/\/api.w.org\/{rel}","templated":true}]}}