{"id":4393,"date":"2017-07-27T16:49:52","date_gmt":"2017-07-27T14:49:52","guid":{"rendered":"https:\/\/www.noworudzianin.pl\/WWW\/?p=4393"},"modified":"2023-08-15T16:32:44","modified_gmt":"2023-08-15T14:32:44","slug":"mogile-pradziada-ocal-od-zapomnienia","status":"publish","type":"post","link":"https:\/\/www.noworudzianin.pl\/WWW\/2017\/07\/27\/mogile-pradziada-ocal-od-zapomnienia\/","title":{"rendered":"Mogi\u0142\u0119 Pradziada ocal od zapomnienia"},"content":{"rendered":"<p><script src=\"https:\/\/apis.google.com\/js\/platform.js\" async defer>\n  {lang: 'pl'}\n<\/script><\/p>\n<div class=\"g-plusone\" data-annotation=\"inline\" data-width=\"300\"><\/div>\n<p><iframe loading=\"lazy\" style=\"border: none; overflow: hidden;\" src=\"https:\/\/www.facebook.com\/plugins\/like.php?href=https%3A%2F%2Fwww.facebook.com%2FNoworudzianin%2F&amp;width=450&amp;layout=standard&amp;action=like&amp;size=large&amp;show_faces=true&amp;share=true&amp;height=80&amp;appId=245775052109201\" width=\"450\" height=\"80\" frameborder=\"0\" scrolling=\"no\"><\/iframe><\/p>\n<p>Wielka spo\u0142eczna akcja, dolno\u015bl\u0105skie pospolite ruszenie, maj\u0105ca na celu ratowanie polskich nekropolii pozostawionych za wschodni\u0105 granic\u0105. <!--more--><br \/>\nW\u015br\u00f3d grob\u00f3w na Kresach, kt\u00f3re s\u0105 zdewastowane i zapomniane, znajduj\u0105 si\u0119 mogi\u0142y dziad\u00f3w i pradziad\u00f3w m\u0142odych mieszka\u0144c\u00f3w Dolnego \u015al\u0105ska. Jest okazja, aby prze\u017cy\u0107 swoist\u0105 lekcj\u0119 patriotyzmu. Przedstawiamy relacje wolontariuszy zwi\u0105zanych z Gimnazjum Nr 1 w Nowej Rudzie oraz Gimnazjum Nr 1 w Jugowie.<\/p>\n<p><a href=\"https:\/\/www.noworudzianin.pl\/WWW\/wp-content\/uploads\/2017\/07\/Mogi\u0142\u0119-Pradziada-ocal-od-zapomnienia-2.jpg\"><img loading=\"lazy\" decoding=\"async\" class=\"alignnone size-large wp-image-4368\" src=\"https:\/\/www.noworudzianin.pl\/WWW\/wp-content\/uploads\/2017\/07\/Mogi\u0142\u0119-Pradziada-ocal-od-zapomnienia-2-630x350.jpg\" alt=\"\" width=\"630\" height=\"350\" srcset=\"https:\/\/www.noworudzianin.pl\/WWW\/wp-content\/uploads\/2017\/07\/Mogi\u0142\u0119-Pradziada-ocal-od-zapomnienia-2-630x350.jpg 630w, https:\/\/www.noworudzianin.pl\/WWW\/wp-content\/uploads\/2017\/07\/Mogi\u0142\u0119-Pradziada-ocal-od-zapomnienia-2-300x167.jpg 300w, https:\/\/www.noworudzianin.pl\/WWW\/wp-content\/uploads\/2017\/07\/Mogi\u0142\u0119-Pradziada-ocal-od-zapomnienia-2-768x427.jpg 768w, https:\/\/www.noworudzianin.pl\/WWW\/wp-content\/uploads\/2017\/07\/Mogi\u0142\u0119-Pradziada-ocal-od-zapomnienia-2.jpg 800w\" sizes=\"(max-width: 630px) 100vw, 630px\" \/><\/a><\/p>\n<p><a href=\"https:\/\/www.noworudzianin.pl\/WWW\/wp-content\/uploads\/2017\/07\/Mogi\u0142\u0119-Pradziada-ocal-od-zapomnienia-3.jpg\"><img loading=\"lazy\" decoding=\"async\" class=\"alignnone size-large wp-image-4369\" src=\"https:\/\/www.noworudzianin.pl\/WWW\/wp-content\/uploads\/2017\/07\/Mogi\u0142\u0119-Pradziada-ocal-od-zapomnienia-3-630x350.jpg\" alt=\"\" width=\"630\" height=\"350\" srcset=\"https:\/\/www.noworudzianin.pl\/WWW\/wp-content\/uploads\/2017\/07\/Mogi\u0142\u0119-Pradziada-ocal-od-zapomnienia-3-630x350.jpg 630w, https:\/\/www.noworudzianin.pl\/WWW\/wp-content\/uploads\/2017\/07\/Mogi\u0142\u0119-Pradziada-ocal-od-zapomnienia-3-300x167.jpg 300w, https:\/\/www.noworudzianin.pl\/WWW\/wp-content\/uploads\/2017\/07\/Mogi\u0142\u0119-Pradziada-ocal-od-zapomnienia-3-768x427.jpg 768w, https:\/\/www.noworudzianin.pl\/WWW\/wp-content\/uploads\/2017\/07\/Mogi\u0142\u0119-Pradziada-ocal-od-zapomnienia-3.jpg 800w\" sizes=\"(max-width: 630px) 100vw, 630px\" \/><\/a><\/p>\n<p><a href=\"https:\/\/www.noworudzianin.pl\/WWW\/wp-content\/uploads\/2017\/07\/Mogi\u0142\u0119-Pradziada-ocal-od-zapomnienia-4.jpg\"><img loading=\"lazy\" decoding=\"async\" class=\"alignnone size-large wp-image-4370\" src=\"https:\/\/www.noworudzianin.pl\/WWW\/wp-content\/uploads\/2017\/07\/Mogi\u0142\u0119-Pradziada-ocal-od-zapomnienia-4-630x350.jpg\" alt=\"\" width=\"630\" height=\"350\" srcset=\"https:\/\/www.noworudzianin.pl\/WWW\/wp-content\/uploads\/2017\/07\/Mogi\u0142\u0119-Pradziada-ocal-od-zapomnienia-4-630x350.jpg 630w, https:\/\/www.noworudzianin.pl\/WWW\/wp-content\/uploads\/2017\/07\/Mogi\u0142\u0119-Pradziada-ocal-od-zapomnienia-4-300x167.jpg 300w, https:\/\/www.noworudzianin.pl\/WWW\/wp-content\/uploads\/2017\/07\/Mogi\u0142\u0119-Pradziada-ocal-od-zapomnienia-4-768x427.jpg 768w, https:\/\/www.noworudzianin.pl\/WWW\/wp-content\/uploads\/2017\/07\/Mogi\u0142\u0119-Pradziada-ocal-od-zapomnienia-4.jpg 800w\" sizes=\"(max-width: 630px) 100vw, 630px\" \/><\/a><a href=\"https:\/\/www.noworudzianin.pl\/WWW\/wp-content\/uploads\/2017\/07\/Mogi\u0142\u0119-Pradziada-ocal-od-zapomnienia-5.jpg\"><img loading=\"lazy\" decoding=\"async\" class=\"alignnone size-large wp-image-4332\" src=\"https:\/\/www.noworudzianin.pl\/WWW\/wp-content\/uploads\/2017\/07\/Mogi\u0142\u0119-Pradziada-ocal-od-zapomnienia-5-630x350.jpg\" alt=\"\" width=\"630\" height=\"350\" srcset=\"https:\/\/www.noworudzianin.pl\/WWW\/wp-content\/uploads\/2017\/07\/Mogi\u0142\u0119-Pradziada-ocal-od-zapomnienia-5-630x350.jpg 630w, https:\/\/www.noworudzianin.pl\/WWW\/wp-content\/uploads\/2017\/07\/Mogi\u0142\u0119-Pradziada-ocal-od-zapomnienia-5-300x167.jpg 300w, https:\/\/www.noworudzianin.pl\/WWW\/wp-content\/uploads\/2017\/07\/Mogi\u0142\u0119-Pradziada-ocal-od-zapomnienia-5-768x427.jpg 768w, https:\/\/www.noworudzianin.pl\/WWW\/wp-content\/uploads\/2017\/07\/Mogi\u0142\u0119-Pradziada-ocal-od-zapomnienia-5.jpg 800w\" sizes=\"(max-width: 630px) 100vw, 630px\" \/><\/a><\/p>\n<p><a href=\"https:\/\/www.noworudzianin.pl\/WWW\/wp-content\/uploads\/2017\/07\/Mogi\u0142\u0119-Pradziada-ocal-od-zapomnienia-11.jpg\"><img loading=\"lazy\" decoding=\"async\" class=\"alignnone size-large wp-image-4338\" src=\"https:\/\/www.noworudzianin.pl\/WWW\/wp-content\/uploads\/2017\/07\/Mogi\u0142\u0119-Pradziada-ocal-od-zapomnienia-11-630x350.jpg\" alt=\"\" width=\"630\" height=\"350\" srcset=\"https:\/\/www.noworudzianin.pl\/WWW\/wp-content\/uploads\/2017\/07\/Mogi\u0142\u0119-Pradziada-ocal-od-zapomnienia-11-630x350.jpg 630w, https:\/\/www.noworudzianin.pl\/WWW\/wp-content\/uploads\/2017\/07\/Mogi\u0142\u0119-Pradziada-ocal-od-zapomnienia-11-300x167.jpg 300w, https:\/\/www.noworudzianin.pl\/WWW\/wp-content\/uploads\/2017\/07\/Mogi\u0142\u0119-Pradziada-ocal-od-zapomnienia-11-768x427.jpg 768w, https:\/\/www.noworudzianin.pl\/WWW\/wp-content\/uploads\/2017\/07\/Mogi\u0142\u0119-Pradziada-ocal-od-zapomnienia-11.jpg 800w\" sizes=\"(max-width: 630px) 100vw, 630px\" \/><\/a><\/p>\n<p><a href=\"https:\/\/www.noworudzianin.pl\/WWW\/wp-content\/uploads\/2017\/07\/Mogi\u0142\u0119-Pradziada-ocal-od-zapomnienia-6.jpg\"><img loading=\"lazy\" decoding=\"async\" class=\"alignnone size-large wp-image-4333\" src=\"https:\/\/www.noworudzianin.pl\/WWW\/wp-content\/uploads\/2017\/07\/Mogi\u0142\u0119-Pradziada-ocal-od-zapomnienia-6-630x350.jpg\" alt=\"\" width=\"630\" height=\"350\" srcset=\"https:\/\/www.noworudzianin.pl\/WWW\/wp-content\/uploads\/2017\/07\/Mogi\u0142\u0119-Pradziada-ocal-od-zapomnienia-6-630x350.jpg 630w, https:\/\/www.noworudzianin.pl\/WWW\/wp-content\/uploads\/2017\/07\/Mogi\u0142\u0119-Pradziada-ocal-od-zapomnienia-6-300x167.jpg 300w, https:\/\/www.noworudzianin.pl\/WWW\/wp-content\/uploads\/2017\/07\/Mogi\u0142\u0119-Pradziada-ocal-od-zapomnienia-6-768x427.jpg 768w, https:\/\/www.noworudzianin.pl\/WWW\/wp-content\/uploads\/2017\/07\/Mogi\u0142\u0119-Pradziada-ocal-od-zapomnienia-6.jpg 800w\" sizes=\"(max-width: 630px) 100vw, 630px\" \/><\/a><\/p>\n<p><a href=\"https:\/\/www.noworudzianin.pl\/WWW\/wp-content\/uploads\/2017\/07\/Mogi\u0142\u0119-Pradziada-ocal-od-zapomnienia-7.jpg\"><img loading=\"lazy\" decoding=\"async\" class=\"alignnone size-large wp-image-4334\" src=\"https:\/\/www.noworudzianin.pl\/WWW\/wp-content\/uploads\/2017\/07\/Mogi\u0142\u0119-Pradziada-ocal-od-zapomnienia-7-630x350.jpg\" alt=\"\" width=\"630\" height=\"350\" srcset=\"https:\/\/www.noworudzianin.pl\/WWW\/wp-content\/uploads\/2017\/07\/Mogi\u0142\u0119-Pradziada-ocal-od-zapomnienia-7-630x350.jpg 630w, https:\/\/www.noworudzianin.pl\/WWW\/wp-content\/uploads\/2017\/07\/Mogi\u0142\u0119-Pradziada-ocal-od-zapomnienia-7-300x167.jpg 300w, https:\/\/www.noworudzianin.pl\/WWW\/wp-content\/uploads\/2017\/07\/Mogi\u0142\u0119-Pradziada-ocal-od-zapomnienia-7-768x427.jpg 768w, https:\/\/www.noworudzianin.pl\/WWW\/wp-content\/uploads\/2017\/07\/Mogi\u0142\u0119-Pradziada-ocal-od-zapomnienia-7.jpg 800w\" sizes=\"(max-width: 630px) 100vw, 630px\" \/><\/a><\/p>\n<p><a href=\"https:\/\/www.noworudzianin.pl\/WWW\/wp-content\/uploads\/2017\/07\/Mogi\u0142\u0119-Pradziada-ocal-od-zapomnienia-5.jpg\"><img loading=\"lazy\" decoding=\"async\" class=\"alignnone size-large wp-image-4332\" src=\"https:\/\/www.noworudzianin.pl\/WWW\/wp-content\/uploads\/2017\/07\/Mogi\u0142\u0119-Pradziada-ocal-od-zapomnienia-5-630x350.jpg\" alt=\"\" width=\"630\" height=\"350\" srcset=\"https:\/\/www.noworudzianin.pl\/WWW\/wp-content\/uploads\/2017\/07\/Mogi\u0142\u0119-Pradziada-ocal-od-zapomnienia-5-630x350.jpg 630w, https:\/\/www.noworudzianin.pl\/WWW\/wp-content\/uploads\/2017\/07\/Mogi\u0142\u0119-Pradziada-ocal-od-zapomnienia-5-300x167.jpg 300w, https:\/\/www.noworudzianin.pl\/WWW\/wp-content\/uploads\/2017\/07\/Mogi\u0142\u0119-Pradziada-ocal-od-zapomnienia-5-768x427.jpg 768w, https:\/\/www.noworudzianin.pl\/WWW\/wp-content\/uploads\/2017\/07\/Mogi\u0142\u0119-Pradziada-ocal-od-zapomnienia-5.jpg 800w\" sizes=\"(max-width: 630px) 100vw, 630px\" \/><\/a><\/p>\n<p><a href=\"https:\/\/www.noworudzianin.pl\/WWW\/wp-content\/uploads\/2017\/07\/Mogi\u0142\u0119-Pradziada-ocal-od-zapomnienia-8.jpg\"><img loading=\"lazy\" decoding=\"async\" class=\"alignnone size-large wp-image-4335\" src=\"https:\/\/www.noworudzianin.pl\/WWW\/wp-content\/uploads\/2017\/07\/Mogi\u0142\u0119-Pradziada-ocal-od-zapomnienia-8-630x350.jpg\" alt=\"\" width=\"630\" height=\"350\" srcset=\"https:\/\/www.noworudzianin.pl\/WWW\/wp-content\/uploads\/2017\/07\/Mogi\u0142\u0119-Pradziada-ocal-od-zapomnienia-8-630x350.jpg 630w, https:\/\/www.noworudzianin.pl\/WWW\/wp-content\/uploads\/2017\/07\/Mogi\u0142\u0119-Pradziada-ocal-od-zapomnienia-8-300x167.jpg 300w, https:\/\/www.noworudzianin.pl\/WWW\/wp-content\/uploads\/2017\/07\/Mogi\u0142\u0119-Pradziada-ocal-od-zapomnienia-8-768x427.jpg 768w, https:\/\/www.noworudzianin.pl\/WWW\/wp-content\/uploads\/2017\/07\/Mogi\u0142\u0119-Pradziada-ocal-od-zapomnienia-8.jpg 800w\" sizes=\"(max-width: 630px) 100vw, 630px\" \/><\/a><\/p>\n<p><a href=\"https:\/\/www.noworudzianin.pl\/WWW\/wp-content\/uploads\/2017\/07\/Mogi\u0142\u0119-Pradziada-ocal-od-zapomnienia-9.jpg\"><img loading=\"lazy\" decoding=\"async\" class=\"alignnone size-large wp-image-4336\" src=\"https:\/\/www.noworudzianin.pl\/WWW\/wp-content\/uploads\/2017\/07\/Mogi\u0142\u0119-Pradziada-ocal-od-zapomnienia-9-630x350.jpg\" alt=\"\" width=\"630\" height=\"350\" srcset=\"https:\/\/www.noworudzianin.pl\/WWW\/wp-content\/uploads\/2017\/07\/Mogi\u0142\u0119-Pradziada-ocal-od-zapomnienia-9-630x350.jpg 630w, https:\/\/www.noworudzianin.pl\/WWW\/wp-content\/uploads\/2017\/07\/Mogi\u0142\u0119-Pradziada-ocal-od-zapomnienia-9-300x167.jpg 300w, https:\/\/www.noworudzianin.pl\/WWW\/wp-content\/uploads\/2017\/07\/Mogi\u0142\u0119-Pradziada-ocal-od-zapomnienia-9-768x427.jpg 768w, https:\/\/www.noworudzianin.pl\/WWW\/wp-content\/uploads\/2017\/07\/Mogi\u0142\u0119-Pradziada-ocal-od-zapomnienia-9.jpg 800w\" sizes=\"(max-width: 630px) 100vw, 630px\" \/><\/a><\/p>\n<p><a href=\"https:\/\/www.noworudzianin.pl\/WWW\/wp-content\/uploads\/2017\/07\/Mogi\u0142\u0119-Pradziada-ocal-od-zapomnienia-10.jpg\"><img loading=\"lazy\" decoding=\"async\" class=\"alignnone size-large wp-image-4337\" src=\"https:\/\/www.noworudzianin.pl\/WWW\/wp-content\/uploads\/2017\/07\/Mogi\u0142\u0119-Pradziada-ocal-od-zapomnienia-10-630x350.jpg\" alt=\"\" width=\"630\" height=\"350\" srcset=\"https:\/\/www.noworudzianin.pl\/WWW\/wp-content\/uploads\/2017\/07\/Mogi\u0142\u0119-Pradziada-ocal-od-zapomnienia-10-630x350.jpg 630w, https:\/\/www.noworudzianin.pl\/WWW\/wp-content\/uploads\/2017\/07\/Mogi\u0142\u0119-Pradziada-ocal-od-zapomnienia-10-300x167.jpg 300w, https:\/\/www.noworudzianin.pl\/WWW\/wp-content\/uploads\/2017\/07\/Mogi\u0142\u0119-Pradziada-ocal-od-zapomnienia-10-768x427.jpg 768w, https:\/\/www.noworudzianin.pl\/WWW\/wp-content\/uploads\/2017\/07\/Mogi\u0142\u0119-Pradziada-ocal-od-zapomnienia-10.jpg 800w\" sizes=\"(max-width: 630px) 100vw, 630px\" \/><\/a><\/p>\n<p align=\"center\"><span style=\"color: #0000ff;\">Wi\u0119cej informacji na str. 16-17 w numerze 290 tygodnika \u201eNoworudzianin\u201d\u00a0<\/span><br \/>\n<script language=\"JavaScript\">\n<!--\nfunction FP_swapImg() {\/\/v1.0\n var doc=document,args=arguments,elm,n; doc.$imgSwaps=new Array(); for(n=2; n<args.length;\n n+=2) { elm=FP_getObjectByID(args[n]); if(elm) { doc.$imgSwaps[doc.$imgSwaps.length]=elm;\n elm.$src=elm.src; elm.src=args[n+1]; } }\n}\nfunction FP_preloadImgs() {\/\/v1.0\n var d=document,a=arguments; if(!d.FP_imgs) d.FP_imgs=new Array();\n for(var i=0; i<a.length; i++) { d.FP_imgs[i]=new Image; d.FP_imgs[i].src=a[i]; }\n}\nfunction FP_getObjectByID(id,o) {\/\/v1.0\n var c,el,els,f,m,n; if(!o)o=document; if(o.getElementById) el=o.getElementById(id);\n else if(o.layers) c=o.layers; else if(o.all) el=o.all[id]; if(el) return el;\n if(o.id==id || o.name==id) return o; if(o.childNodes) c=o.childNodes; if(c)\n for(n=0; n<c.length; n++) { el=FP_getObjectByID(id,c[n]); if(el) return el; }\n f=o.forms; if(f) for(n=0; n<f.length; n++) { els=f[n].elements;\n for(m=0; m<els.length; m++){ el=FP_getObjectByID(id,els[n]); if(el) return el; } } return null; } \/\/ -->\n<\/script><\/p>\n<p align=\"center\"><a href=\"http:\/\/www.noworudzianin.pl\/WWW\/images\/290_b.jpg\" target=\"_blank\" rel=\"noopener\"><br \/>\n<img loading=\"lazy\" decoding=\"async\" src=\"http:\/\/www.noworudzianin.pl\/WWW\/images\/290_b_small.jpg\" width=\"221\" height=\"300\" border=\"1\" \/><\/a><br \/>\n<span style=\"font-family: Verdana;\">Numer 290<br \/>\n<span style=\"font-size: small;\">28 lipca \u2013 3 sierpnia 2017 r.<\/span><\/span><\/p>\n","protected":false},"excerpt":{"rendered":"<p>Wielka spo\u0142eczna akcja, dolno\u015bl\u0105skie pospolite ruszenie, maj\u0105ca na celu ratowanie polskich nekropolii pozostawionych za wschodni\u0105 granic\u0105.<\/p>\n","protected":false},"author":6,"featured_media":4367,"comment_status":"open","ping_status":"open","sticky":false,"template":"","format":"standard","meta":{"om_disable_all_campaigns":false,"_monsterinsights_skip_tracking":false,"_monsterinsights_sitenote_active":false,"_monsterinsights_sitenote_note":"","_monsterinsights_sitenote_category":0,"_uf_show_specific_survey":0,"_uf_disable_surveys":false,"footnotes":""},"categories":[2,152,6,131,426],"tags":[1277,1012,301,1276,20,5,1339,4],"aioseo_notices":[],"amp_enabled":true,"_links":{"self":[{"href":"https:\/\/www.noworudzianin.pl\/WWW\/wp-json\/wp\/v2\/posts\/4393"}],"collection":[{"href":"https:\/\/www.noworudzianin.pl\/WWW\/wp-json\/wp\/v2\/posts"}],"about":[{"href":"https:\/\/www.noworudzianin.pl\/WWW\/wp-json\/wp\/v2\/types\/post"}],"author":[{"embeddable":true,"href":"https:\/\/www.noworudzianin.pl\/WWW\/wp-json\/wp\/v2\/users\/6"}],"replies":[{"embeddable":true,"href":"https:\/\/www.noworudzianin.pl\/WWW\/wp-json\/wp\/v2\/comments?post=4393"}],"version-history":[{"count":2,"href":"https:\/\/www.noworudzianin.pl\/WWW\/wp-json\/wp\/v2\/posts\/4393\/revisions"}],"predecessor-version":[{"id":27829,"href":"https:\/\/www.noworudzianin.pl\/WWW\/wp-json\/wp\/v2\/posts\/4393\/revisions\/27829"}],"wp:featuredmedia":[{"embeddable":true,"href":"https:\/\/www.noworudzianin.pl\/WWW\/wp-json\/wp\/v2\/media\/4367"}],"wp:attachment":[{"href":"https:\/\/www.noworudzianin.pl\/WWW\/wp-json\/wp\/v2\/media?parent=4393"}],"wp:term":[{"taxonomy":"category","embeddable":true,"href":"https:\/\/www.noworudzianin.pl\/WWW\/wp-json\/wp\/v2\/categories?post=4393"},{"taxonomy":"post_tag","embeddable":true,"href":"https:\/\/www.noworudzianin.pl\/WWW\/wp-json\/wp\/v2\/tags?post=4393"}],"curies":[{"name":"wp","href":"https:\/\/api.w.org\/{rel}","templated":true}]}}