{"id":4528,"date":"2017-08-10T20:22:22","date_gmt":"2017-08-10T18:22:22","guid":{"rendered":"https:\/\/www.noworudzianin.pl\/WWW\/?p=4528"},"modified":"2023-08-15T16:43:47","modified_gmt":"2023-08-15T14:43:47","slug":"wlasnym-sumptem","status":"publish","type":"post","link":"https:\/\/www.noworudzianin.pl\/WWW\/2017\/08\/10\/wlasnym-sumptem\/","title":{"rendered":"W\u0142asnym sumptem"},"content":{"rendered":"<p><script src=\"https:\/\/apis.google.com\/js\/platform.js\" async defer>\n  {lang: 'pl'}\n<\/script><\/p>\n<div class=\"g-plusone\" data-annotation=\"inline\" data-width=\"300\"><\/div>\n<p><iframe loading=\"lazy\" style=\"border: none; overflow: hidden;\" src=\"https:\/\/www.facebook.com\/plugins\/like.php?href=https%3A%2F%2Fwww.facebook.com%2FNoworudzianin%2F&amp;width=450&amp;layout=standard&amp;action=like&amp;size=large&amp;show_faces=true&amp;share=true&amp;height=80&amp;appId=245775052109201\" width=\"450\" height=\"80\" frameborder=\"0\" scrolling=\"no\"><\/iframe><\/p>\n<p>Od kilkunastu dni, w Oddziale Wewn\u0119trznym noworudzkiego szpitala, prowadzone s\u0105 prace remontowe. <!--more--><br \/>\nWymalowano m.in. korytarz oddzia\u0142u, kilka sal, wyremontowano i wymieniono urz\u0105dzenia w WC i \u0142azience. Pierwszy raz od niepami\u0119tnych czas\u00f3w wyremontowano te\u017c \u2013 zagra\u017caj\u0105cy przechodz\u0105cym pod nim \u2013 daszek nad wej\u015bciem do pomieszcze\u0144 Zespo\u0142u Ratownictwa Medycznego.<br \/>\nWszystkie te prace prowadzone s\u0105 ze \u015brodk\u00f3w Zak\u0142adu Opieki Zdrowotnej w K\u0142odzku i przez pracownik\u00f3w noworudzkiego szpitala, kt\u00f3rzy na co dzie\u0144 musz\u0105 si\u0119 te\u017c przecie\u017c boryka\u0107 z niespodziewanymi awariami.<br \/>\nPo raz pierwszy po II wojnie \u015bwiatowej, wyremontowano daszek ganku nad wej\u015bciem do pogotowia ratunkowego w noworudzkim szpitalu.<\/p>\n<p align=\"center\"><script language=\"JavaScript\">\n<!--\nfunction FP_swapImg() {\/\/v1.0\n var doc=document,args=arguments,elm,n; doc.$imgSwaps=new Array(); for(n=2; n<args.length;\n n+=2) { elm=FP_getObjectByID(args[n]); if(elm) { doc.$imgSwaps[doc.$imgSwaps.length]=elm;\n elm.$src=elm.src; elm.src=args[n+1]; } }\n}\nfunction FP_preloadImgs() {\/\/v1.0\n var d=document,a=arguments; if(!d.FP_imgs) d.FP_imgs=new Array();\n for(var i=0; i<a.length; i++) { d.FP_imgs[i]=new Image; d.FP_imgs[i].src=a[i]; }\n}\nfunction FP_getObjectByID(id,o) {\/\/v1.0\n var c,el,els,f,m,n; if(!o)o=document; if(o.getElementById) el=o.getElementById(id);\n else if(o.layers) c=o.layers; else if(o.all) el=o.all[id]; if(el) return el;\n if(o.id==id || o.name==id) return o; if(o.childNodes) c=o.childNodes; if(c)\n for(n=0; n<c.length; n++) { el=FP_getObjectByID(id,c[n]); if(el) return el; }\n f=o.forms; if(f) for(n=0; n<f.length; n++) { els=f[n].elements;\n for(m=0; m<els.length; m++){ el=FP_getObjectByID(id,els[n]); if(el) return el; } } return null; } \/\/ -->\n<\/script><\/p>\n<p align=\"center\"><a href=\"http:\/\/www.noworudzianin.pl\/WWW\/images\/292_b.jpg\" target=\"_blank\" rel=\"noopener\"><br \/>\n<img loading=\"lazy\" decoding=\"async\" src=\"http:\/\/www.noworudzianin.pl\/WWW\/images\/292_b_small.jpg\" width=\"221\" height=\"300\" border=\"1\" \/><\/a><br \/>\n<span style=\"font-family: Verdana;\">Numer 292<br \/>\n<span style=\"font-size: small;\">11-17 sierpnia 2017 r.<\/span><\/span><\/p>\n","protected":false},"excerpt":{"rendered":"<p>Od kilkunastu dni, w Oddziale Wewn\u0119trznym noworudzkiego szpitala, prowadzone s\u0105 prace remontowe.<\/p>\n","protected":false},"author":6,"featured_media":4505,"comment_status":"open","ping_status":"open","sticky":false,"template":"","format":"standard","meta":{"om_disable_all_campaigns":false,"_monsterinsights_skip_tracking":false,"_monsterinsights_sitenote_active":false,"_monsterinsights_sitenote_note":"","_monsterinsights_sitenote_category":0,"_uf_show_specific_survey":0,"_uf_disable_surveys":false,"footnotes":""},"categories":[2,6,281],"tags":[20,5,1392,4,878,1125,1400,1126,954],"aioseo_notices":[],"amp_enabled":true,"_links":{"self":[{"href":"https:\/\/www.noworudzianin.pl\/WWW\/wp-json\/wp\/v2\/posts\/4528"}],"collection":[{"href":"https:\/\/www.noworudzianin.pl\/WWW\/wp-json\/wp\/v2\/posts"}],"about":[{"href":"https:\/\/www.noworudzianin.pl\/WWW\/wp-json\/wp\/v2\/types\/post"}],"author":[{"embeddable":true,"href":"https:\/\/www.noworudzianin.pl\/WWW\/wp-json\/wp\/v2\/users\/6"}],"replies":[{"embeddable":true,"href":"https:\/\/www.noworudzianin.pl\/WWW\/wp-json\/wp\/v2\/comments?post=4528"}],"version-history":[{"count":2,"href":"https:\/\/www.noworudzianin.pl\/WWW\/wp-json\/wp\/v2\/posts\/4528\/revisions"}],"predecessor-version":[{"id":27866,"href":"https:\/\/www.noworudzianin.pl\/WWW\/wp-json\/wp\/v2\/posts\/4528\/revisions\/27866"}],"wp:featuredmedia":[{"embeddable":true,"href":"https:\/\/www.noworudzianin.pl\/WWW\/wp-json\/wp\/v2\/media\/4505"}],"wp:attachment":[{"href":"https:\/\/www.noworudzianin.pl\/WWW\/wp-json\/wp\/v2\/media?parent=4528"}],"wp:term":[{"taxonomy":"category","embeddable":true,"href":"https:\/\/www.noworudzianin.pl\/WWW\/wp-json\/wp\/v2\/categories?post=4528"},{"taxonomy":"post_tag","embeddable":true,"href":"https:\/\/www.noworudzianin.pl\/WWW\/wp-json\/wp\/v2\/tags?post=4528"}],"curies":[{"name":"wp","href":"https:\/\/api.w.org\/{rel}","templated":true}]}}