{"id":4631,"date":"2017-08-24T19:22:00","date_gmt":"2017-08-24T17:22:00","guid":{"rendered":"https:\/\/www.noworudzianin.pl\/WWW\/?p=4631"},"modified":"2023-08-15T16:49:20","modified_gmt":"2023-08-15T14:49:20","slug":"wrzesien-bez-mandatow","status":"publish","type":"post","link":"https:\/\/www.noworudzianin.pl\/WWW\/2017\/08\/24\/wrzesien-bez-mandatow\/","title":{"rendered":"Wrzesie\u0144 bez mandat\u00f3w"},"content":{"rendered":"<p><script src=\"https:\/\/apis.google.com\/js\/platform.js\" async defer>\n  {lang: 'pl'}\n<\/script><\/p>\n<div class=\"g-plusone\" data-annotation=\"inline\" data-width=\"300\"><\/div>\n<p><iframe loading=\"lazy\" style=\"border: none; overflow: hidden;\" src=\"https:\/\/www.facebook.com\/plugins\/like.php?href=https%3A%2F%2Fwww.facebook.com%2FNoworudzianin%2F&amp;width=450&amp;layout=standard&amp;action=like&amp;size=large&amp;show_faces=true&amp;share=true&amp;height=80&amp;appId=245775052109201\" width=\"450\" height=\"80\" frameborder=\"0\" scrolling=\"no\"><\/iframe><\/p>\n<p>Za tydzie\u0144 (pi\u0105tek 1 wrze\u015bnia) rusza kampania edukacyjna \u201eParkuj z g\u0142ow\u0105\u201d, przygotowana wsp\u00f3lnie przez Komisariat Policji w Nowej Rudzie, Komisj\u0119 Porz\u0105dku Publicznego i Komunikacji Rady Miejskiej oraz Ochotnicz\u0105 Stra\u017c Po\u017carn\u0105 Nowa Ruda-S\u0142upiec. Przez ca\u0142y miesi\u0105c wrzesie\u0144 funkcjonariusze Wydzia\u0142u Prewencji KP w Nowej Rudzie, podczas s\u0142u\u017cb obchodowych i patrolowych oraz stra\u017cacy z OSP umieszcza\u0107 b\u0119d\u0105 za wycieraczkami nieprawid\u0142owo zaparkowanych pojazd\u00f3w ulotki, zawieraj\u0105ce informacje o przepisach ruchu drogowego, dotycz\u0105cych najcz\u0119\u015bciej pope\u0142nianych wykrocze\u0144 podczas parkowania.<br \/>\nKampania ma charakter edukacyjny i podczas jej trwania policjanci nie b\u0119d\u0105 nak\u0142ada\u0107 mandat\u00f3w na kierowc\u00f3w, kt\u00f3rzy nieprawid\u0142owo zaparkuj\u0105 pojazdy \u2013 zostan\u0105 jedynie pouczeni.<\/p>\n<p align=\"center\"><script language=\"JavaScript\">\n<!--\nfunction FP_swapImg() {\/\/v1.0\n var doc=document,args=arguments,elm,n; doc.$imgSwaps=new Array(); for(n=2; n<args.length;\n n+=2) { elm=FP_getObjectByID(args[n]); if(elm) { doc.$imgSwaps[doc.$imgSwaps.length]=elm;\n elm.$src=elm.src; elm.src=args[n+1]; } }\n}\nfunction FP_preloadImgs() {\/\/v1.0\n var d=document,a=arguments; if(!d.FP_imgs) d.FP_imgs=new Array();\n for(var i=0; i<a.length; i++) { d.FP_imgs[i]=new Image; d.FP_imgs[i].src=a[i]; }\n}\nfunction FP_getObjectByID(id,o) {\/\/v1.0\n var c,el,els,f,m,n; if(!o)o=document; if(o.getElementById) el=o.getElementById(id);\n else if(o.layers) c=o.layers; else if(o.all) el=o.all[id]; if(el) return el;\n if(o.id==id || o.name==id) return o; if(o.childNodes) c=o.childNodes; if(c)\n for(n=0; n<c.length; n++) { el=FP_getObjectByID(id,c[n]); if(el) return el; }\n f=o.forms; if(f) for(n=0; n<f.length; n++) { els=f[n].elements;\n for(m=0; m<els.length; m++){ el=FP_getObjectByID(id,els[n]); if(el) return el; } } return null; } \/\/ -->\n<\/script><\/p>\n<p align=\"center\"><a href=\"http:\/\/www.noworudzianin.pl\/WWW\/images\/294_b.jpg\" target=\"_blank\" rel=\"noopener\"><br \/>\n<img loading=\"lazy\" decoding=\"async\" src=\"http:\/\/www.noworudzianin.pl\/WWW\/images\/294_b_small.jpg\" width=\"221\" height=\"300\" border=\"1\" \/><\/a><br \/>\n<span style=\"font-family: Verdana;\">Numer 294<br \/>\n<span style=\"font-size: small;\">25-31 sierpnia 2017 r.<\/span><\/span><\/p>\n","protected":false},"excerpt":{"rendered":"<p>Za tydzie\u0144 (pi\u0105tek 1 wrze\u015bnia) rusza kampania edukacyjna \u201eParkuj z g\u0142ow\u0105\u201d, przygotowana wsp\u00f3lnie przez Komisariat Policji w Nowej Rudzie, Komisj\u0119<\/p>\n","protected":false},"author":6,"featured_media":4613,"comment_status":"open","ping_status":"open","sticky":false,"template":"","format":"standard","meta":{"om_disable_all_campaigns":false,"_monsterinsights_skip_tracking":false,"_monsterinsights_sitenote_active":false,"_monsterinsights_sitenote_note":"","_monsterinsights_sitenote_category":0,"_uf_show_specific_survey":0,"_uf_disable_surveys":false,"footnotes":""},"categories":[2,426],"tags":[20,5,1429,4,1444,517,1443],"aioseo_notices":[],"amp_enabled":true,"_links":{"self":[{"href":"https:\/\/www.noworudzianin.pl\/WWW\/wp-json\/wp\/v2\/posts\/4631"}],"collection":[{"href":"https:\/\/www.noworudzianin.pl\/WWW\/wp-json\/wp\/v2\/posts"}],"about":[{"href":"https:\/\/www.noworudzianin.pl\/WWW\/wp-json\/wp\/v2\/types\/post"}],"author":[{"embeddable":true,"href":"https:\/\/www.noworudzianin.pl\/WWW\/wp-json\/wp\/v2\/users\/6"}],"replies":[{"embeddable":true,"href":"https:\/\/www.noworudzianin.pl\/WWW\/wp-json\/wp\/v2\/comments?post=4631"}],"version-history":[{"count":2,"href":"https:\/\/www.noworudzianin.pl\/WWW\/wp-json\/wp\/v2\/posts\/4631\/revisions"}],"predecessor-version":[{"id":27885,"href":"https:\/\/www.noworudzianin.pl\/WWW\/wp-json\/wp\/v2\/posts\/4631\/revisions\/27885"}],"wp:featuredmedia":[{"embeddable":true,"href":"https:\/\/www.noworudzianin.pl\/WWW\/wp-json\/wp\/v2\/media\/4613"}],"wp:attachment":[{"href":"https:\/\/www.noworudzianin.pl\/WWW\/wp-json\/wp\/v2\/media?parent=4631"}],"wp:term":[{"taxonomy":"category","embeddable":true,"href":"https:\/\/www.noworudzianin.pl\/WWW\/wp-json\/wp\/v2\/categories?post=4631"},{"taxonomy":"post_tag","embeddable":true,"href":"https:\/\/www.noworudzianin.pl\/WWW\/wp-json\/wp\/v2\/tags?post=4631"}],"curies":[{"name":"wp","href":"https:\/\/api.w.org\/{rel}","templated":true}]}}