{"id":4818,"date":"2017-09-07T18:44:40","date_gmt":"2017-09-07T16:44:40","guid":{"rendered":"https:\/\/www.noworudzianin.pl\/WWW\/?p=4818"},"modified":"2023-08-15T16:56:20","modified_gmt":"2023-08-15T14:56:20","slug":"ziemia-z-warszawskiej-laczki","status":"publish","type":"post","link":"https:\/\/www.noworudzianin.pl\/WWW\/2017\/09\/07\/ziemia-z-warszawskiej-laczki\/","title":{"rendered":"Ziemia z warszawskiej \u201e\u0141\u0105czki\u201d"},"content":{"rendered":"<p><script src=\"https:\/\/apis.google.com\/js\/platform.js\" async defer>\n  {lang: 'pl'}\n<\/script><\/p>\n<div class=\"g-plusone\" data-annotation=\"inline\" data-width=\"300\"><\/div>\n<p><iframe loading=\"lazy\" style=\"border: none; overflow: hidden;\" src=\"https:\/\/www.facebook.com\/plugins\/like.php?href=https%3A%2F%2Fwww.facebook.com%2FNoworudzianin%2F&amp;width=450&amp;layout=standard&amp;action=like&amp;size=large&amp;show_faces=true&amp;share=true&amp;height=80&amp;appId=245775052109201\" width=\"450\" height=\"80\" frameborder=\"0\" scrolling=\"no\"><\/iframe><\/p>\n<p>W\u00a0niedziel\u0119 3 wrze\u015bnia w\u00a0Nowej Rudzie-S\u0142upcu mia\u0142o miejsce uroczyste z\u0142o\u017cenie urny z\u00a0ziemi\u0105 z\u00a0warszawskiej \u201e\u0141\u0105czki\u201d.<!--more--><br \/>\nOrganizatorem uroczysto\u015bci by\u0142 Spo\u0142eczny Komitet Budowy Pomnika \u017bo\u0142nierzy Wykl\u0119tych w\u00a0Nowej Rudzie, we wsp\u00f3\u0142pracy z\u00a022 Karpackim Batalionem Piechoty G\u00f3rskiej w\u00a0K\u0142odzku.<br \/>\nW\u00a0tym dniu w\u00a0ko\u015bciele pw. \u015bw. Katarzyny Aleksandryjskiej w\u00a0S\u0142upcu odprawiona zosta\u0142a Msza \u015awi\u0119ta w\u00a0intencji \u017bo\u0142nierzy Wykl\u0119tych i\u00a0Ojczyzny. Po niej nast\u0105pi\u0142a cz\u0119\u015b\u0107 okoliczno\u015bciowa uroczysto\u015bci, kt\u00f3ra obejmowa\u0142a oficjalne wyst\u0105pienia. Profesor Krzysztof Szwagrzyk, wiceprezes Instytutu Pami\u0119ci Narodowej, przywo\u0142a\u0142 histori\u0119 \u017bo\u0142nierzy Wykl\u0119tych, pomordowanych i\u00a0pogrzebanych w\u00a0bezimiennych do\u0142ach, skazanych przez komunist\u00f3w na zapomnienie.<\/p>\n<p><a href=\"https:\/\/www.noworudzianin.pl\/WWW\/wp-content\/uploads\/2017\/09\/Ziemia-z-warszawskiej-\u0141\u0105czki-3.jpg\"><img loading=\"lazy\" decoding=\"async\" class=\"alignnone size-large wp-image-4793\" src=\"https:\/\/www.noworudzianin.pl\/WWW\/wp-content\/uploads\/2017\/09\/Ziemia-z-warszawskiej-\u0141\u0105czki-3-630x350.jpg\" alt=\"\" width=\"630\" height=\"350\" srcset=\"https:\/\/www.noworudzianin.pl\/WWW\/wp-content\/uploads\/2017\/09\/Ziemia-z-warszawskiej-\u0141\u0105czki-3-630x350.jpg 630w, https:\/\/www.noworudzianin.pl\/WWW\/wp-content\/uploads\/2017\/09\/Ziemia-z-warszawskiej-\u0141\u0105czki-3-300x167.jpg 300w, https:\/\/www.noworudzianin.pl\/WWW\/wp-content\/uploads\/2017\/09\/Ziemia-z-warszawskiej-\u0141\u0105czki-3-768x427.jpg 768w, https:\/\/www.noworudzianin.pl\/WWW\/wp-content\/uploads\/2017\/09\/Ziemia-z-warszawskiej-\u0141\u0105czki-3.jpg 800w\" sizes=\"(max-width: 630px) 100vw, 630px\" \/><\/a><\/p>\n<p>\u2013 \u201e\u0141\u0105czka\u201d, to miejsce, kt\u00f3re mia\u0142o by\u0107 zapomniane, a\u00a0sta\u0142o si\u0119 \u017ar\u00f3d\u0142em prawdy i\u00a0si\u0142y. \u2013 powiedzia\u0142 Krzysztof Szwagrzyk.<br \/>\nNatomiast kpt Zbigniew Nowina-Bozna\u0144ski, kombatant reprezentuj\u0105cy Narodowe Si\u0142y Zbrojne Ziemi Jeleniog\u00f3rskiej, wskaza\u0142 jak wa\u017cna jest pami\u0119\u0107 o\u00a0\u017bo\u0142nierzach Niez\u0142omnych i\u00a0podzi\u0119kowa\u0142 za jej utrwalanie na ziemi noworudzkiej. W\u00a0imieniu wolontariuszy Biura Poszukiwa\u0144 i\u00a0Identyfikacji IPN, g\u0142os zabra\u0142 Krzysztof Wieczorek, by przypomnie\u0107, \u017ce Ci, kt\u00f3rych bestialsko wymordowano, poha\u0144biono, skazano na niepami\u0119\u0107 \u2013 dzi\u015b s\u0105 wzorami bohaterstwa, patriotyzmu, wierno\u015bci najwy\u017cszym warto\u015bciom, \u015bwi\u0119tym dla Polaka: B\u00f3g, Honor, Ojczyzna. S\u0105 \u00adziarnem, kt\u00f3re wydaje plon \u00adstokrotny.<\/p>\n<p><a href=\"https:\/\/www.noworudzianin.pl\/WWW\/wp-content\/uploads\/2017\/09\/Ziemia-z-warszawskiej-\u0141\u0105czki-5.jpg\"><img loading=\"lazy\" decoding=\"async\" class=\"alignnone size-large wp-image-4795\" src=\"https:\/\/www.noworudzianin.pl\/WWW\/wp-content\/uploads\/2017\/09\/Ziemia-z-warszawskiej-\u0141\u0105czki-5-630x350.jpg\" alt=\"\" width=\"630\" height=\"350\" srcset=\"https:\/\/www.noworudzianin.pl\/WWW\/wp-content\/uploads\/2017\/09\/Ziemia-z-warszawskiej-\u0141\u0105czki-5-630x350.jpg 630w, https:\/\/www.noworudzianin.pl\/WWW\/wp-content\/uploads\/2017\/09\/Ziemia-z-warszawskiej-\u0141\u0105czki-5-300x167.jpg 300w, https:\/\/www.noworudzianin.pl\/WWW\/wp-content\/uploads\/2017\/09\/Ziemia-z-warszawskiej-\u0141\u0105czki-5-768x427.jpg 768w, https:\/\/www.noworudzianin.pl\/WWW\/wp-content\/uploads\/2017\/09\/Ziemia-z-warszawskiej-\u0141\u0105czki-5.jpg 800w\" sizes=\"(max-width: 630px) 100vw, 630px\" \/><\/a><\/p>\n<p>Urn\u0119 z\u00a0ziemi\u0105 z\u00a0\u201e\u0141\u0105czki\u201d z\u0142o\u017cono i\u00a0po\u015bwi\u0119cono przy pomniku \u017bo\u0142nierzy Wykl\u0119tych, kt\u00f3ry znajduje si\u0119 przy ko\u015bciele pw.\u00a0\u015bw.\u00a0Katarzyny Aleksandryjskiej w\u00a0S\u0142upcu. Zosta\u0142 ods\u0142oni\u0119ty 29 maja 2016 roku, jako pierwszy na Dolnym \u015al\u0105sku. Z\u0142o\u017cono wie\u0144ce i bukiety kwiat\u00f3w. Nast\u0119pnie oficer 22 Karpackiego Batalionu Piechoty G\u00f3rskiej odczyta\u0142 Apel Pami\u0119ci, po kt\u00f3rym oddano salw\u0119 honorow\u0105.<\/p>\n<p><a href=\"https:\/\/www.noworudzianin.pl\/WWW\/wp-content\/uploads\/2017\/09\/Ziemia-z-warszawskiej-\u0141\u0105czki-6.jpg\"><img loading=\"lazy\" decoding=\"async\" class=\"alignnone size-large wp-image-4796\" src=\"https:\/\/www.noworudzianin.pl\/WWW\/wp-content\/uploads\/2017\/09\/Ziemia-z-warszawskiej-\u0141\u0105czki-6-630x350.jpg\" alt=\"\" width=\"630\" height=\"350\" srcset=\"https:\/\/www.noworudzianin.pl\/WWW\/wp-content\/uploads\/2017\/09\/Ziemia-z-warszawskiej-\u0141\u0105czki-6-630x350.jpg 630w, https:\/\/www.noworudzianin.pl\/WWW\/wp-content\/uploads\/2017\/09\/Ziemia-z-warszawskiej-\u0141\u0105czki-6-300x167.jpg 300w, https:\/\/www.noworudzianin.pl\/WWW\/wp-content\/uploads\/2017\/09\/Ziemia-z-warszawskiej-\u0141\u0105czki-6-768x427.jpg 768w, https:\/\/www.noworudzianin.pl\/WWW\/wp-content\/uploads\/2017\/09\/Ziemia-z-warszawskiej-\u0141\u0105czki-6.jpg 800w\" sizes=\"(max-width: 630px) 100vw, 630px\" \/><\/a><\/p>\n<p>Do prac na warszawskiej \u201e\u0141\u0105czce\u201d zg\u0142osi\u0142em si\u0119 jako wolontariusz w\u00a02016 roku. Pracowa\u0142em tam na prze\u0142omie wrze\u015bnia i\u00a0pa\u017adziernika przez dwa tygodnie i\u00a0wiosn\u0105 tego roku \u2013 3 tygodnie. Prace by\u0142y do\u015b\u0107 trudne, nie mieli\u015bmy ci\u0119\u017ckiego sprz\u0119tu. Wszystkie mury, grobowce pokomunistyczne musieli\u015bmy r\u0119cznie rozbiera\u0107, wynosi\u0107 wiadrami. W\u00a0tym czasie znale\u017ali\u015bmy r\u00f3\u017cne szcz\u0105tki i\u00a0tylko jeden ca\u0142y szkielet \u2013 akurat ja mia\u0142em to szcz\u0119\u015bcie i\u00a0na niego natrafi\u0142em.<br \/>\nDla mnie niesamowit\u0105 rzecz\u0105 by\u0142o to, \u017ce wielu ludzi z\u00a0Warszawy, ale nie tylko, przyje\u017cd\u017cali pracowa\u0107 na \u201e\u0141\u0105czce\u201d. Po\u015bwi\u0119cali swoje urlopy, czas wolny. Znam jednego wolontariusza z\u00a0Warszawy, kt\u00f3ry przychodzi\u0142 codziennie.<br \/>\nGeneralnie na \u201e\u0141\u0105czce\u201d by\u0142a totalna dewastacja, w\u00a0latach osiemdziesi\u0105tych koparkami \u0142adowano t\u0119 ziemi\u0119 i\u00a0wywo\u017cono w\u00a0nieznane, a\u00a0na tym miejscu by\u0142y budowane betonowe lub ceglane grobowce. Niejednokrotnie dla tych ludzi, kt\u00f3rzy przyczynili si\u0119 do \u015bmierci \u017bo\u0142nierzy Wykl\u0119tych. W\u00a0tej chwili na \u201e\u0141\u0105czce\u201d prace s\u0105 ju\u017c zako\u0144czone. Wszystkie szcz\u0105tki \u00adwydobyte.<\/p>\n<p><a href=\"https:\/\/www.noworudzianin.pl\/WWW\/wp-content\/uploads\/2017\/09\/Ziemia-z-warszawskiej-\u0141\u0105czki-1.jpg\"><img loading=\"lazy\" decoding=\"async\" class=\"alignnone size-large wp-image-4791\" src=\"https:\/\/www.noworudzianin.pl\/WWW\/wp-content\/uploads\/2017\/09\/Ziemia-z-warszawskiej-\u0141\u0105czki-1-630x350.jpg\" alt=\"\" width=\"630\" height=\"350\" srcset=\"https:\/\/www.noworudzianin.pl\/WWW\/wp-content\/uploads\/2017\/09\/Ziemia-z-warszawskiej-\u0141\u0105czki-1-630x350.jpg 630w, https:\/\/www.noworudzianin.pl\/WWW\/wp-content\/uploads\/2017\/09\/Ziemia-z-warszawskiej-\u0141\u0105czki-1-300x167.jpg 300w, https:\/\/www.noworudzianin.pl\/WWW\/wp-content\/uploads\/2017\/09\/Ziemia-z-warszawskiej-\u0141\u0105czki-1-768x427.jpg 768w, https:\/\/www.noworudzianin.pl\/WWW\/wp-content\/uploads\/2017\/09\/Ziemia-z-warszawskiej-\u0141\u0105czki-1.jpg 800w\" sizes=\"(max-width: 630px) 100vw, 630px\" \/><\/a><\/p>\n<p>W\u00a0trakcie prac wiosennych \u2013 z\u00a0\u017co\u0142nierzami, sztandarami, kombatantami, wolontariuszami, ksi\u0119dzem \u2013 odby\u0142a si\u0119 uroczysto\u015b\u0107 pobrania ziemi, u\u015bwi\u0119conej krwi\u0105 bohater\u00f3w, do 4\u00a0urn, kt\u00f3re wcze\u015bniej kupi\u0142em.<\/p>\n<p><a href=\"https:\/\/www.noworudzianin.pl\/WWW\/wp-content\/uploads\/2017\/09\/Ziemia-z-warszawskiej-\u0141\u0105czki-2.jpg\"><img loading=\"lazy\" decoding=\"async\" class=\"alignnone size-large wp-image-4792\" src=\"https:\/\/www.noworudzianin.pl\/WWW\/wp-content\/uploads\/2017\/09\/Ziemia-z-warszawskiej-\u0141\u0105czki-2-630x350.jpg\" alt=\"\" width=\"630\" height=\"350\" srcset=\"https:\/\/www.noworudzianin.pl\/WWW\/wp-content\/uploads\/2017\/09\/Ziemia-z-warszawskiej-\u0141\u0105czki-2-630x350.jpg 630w, https:\/\/www.noworudzianin.pl\/WWW\/wp-content\/uploads\/2017\/09\/Ziemia-z-warszawskiej-\u0141\u0105czki-2-300x167.jpg 300w, https:\/\/www.noworudzianin.pl\/WWW\/wp-content\/uploads\/2017\/09\/Ziemia-z-warszawskiej-\u0141\u0105czki-2-768x427.jpg 768w, https:\/\/www.noworudzianin.pl\/WWW\/wp-content\/uploads\/2017\/09\/Ziemia-z-warszawskiej-\u0141\u0105czki-2.jpg 800w\" sizes=\"(max-width: 630px) 100vw, 630px\" \/><\/a><\/p>\n<p>W\u00a0czerwcu tego roku profesor Krzysztof Szwagrzyk, wiceprezes Instytutu Pami\u0119ci Narodowej, 24\u00a0czerwca tego roku, podczas Przystanku Niepodleg\u0142o\u015b\u0107 w\u00a0Dusznikach-Zdroju, przekaza\u0142 urny delegacjom z\u00a0Nowej Rudy, Dzier\u017coniowa, Kudowy-Zdroju i\u00a0Wielowsi Klasztornej. W\u00a0niedziel\u0119 3 wrze\u015bnia \u2013 w\u00a0rocznic\u0119 urodzin \u201eInki\u201d \u2013 jedna z\u00a0nich zosta\u0142a z\u0142o\u017cona przy pomniku \u017bo\u0142nierzy Wykl\u0119tych w\u00a0Nowej Rudzie-S\u0142upcu.<br \/>\n<em><strong>Krzysztof Wieczorek<\/strong><\/em><\/p>\n<p align=\"center\"><span style=\"color: #0000ff;\">Wi\u0119cej informacji na str. 1 w numerze 296 tygodnika \u201eNoworudzianin\u201d\u00a0<\/span><br \/>\n<script language=\"JavaScript\">\n<!--\nfunction FP_swapImg() {\/\/v1.0\n var doc=document,args=arguments,elm,n; doc.$imgSwaps=new Array(); for(n=2; n<args.length;\n n+=2) { elm=FP_getObjectByID(args[n]); if(elm) { doc.$imgSwaps[doc.$imgSwaps.length]=elm;\n elm.$src=elm.src; elm.src=args[n+1]; } }\n}\nfunction FP_preloadImgs() {\/\/v1.0\n var d=document,a=arguments; if(!d.FP_imgs) d.FP_imgs=new Array();\n for(var i=0; i<a.length; i++) { d.FP_imgs[i]=new Image; d.FP_imgs[i].src=a[i]; }\n}\nfunction FP_getObjectByID(id,o) {\/\/v1.0\n var c,el,els,f,m,n; if(!o)o=document; if(o.getElementById) el=o.getElementById(id);\n else if(o.layers) c=o.layers; else if(o.all) el=o.all[id]; if(el) return el;\n if(o.id==id || o.name==id) return o; if(o.childNodes) c=o.childNodes; if(c)\n for(n=0; n<c.length; n++) { el=FP_getObjectByID(id,c[n]); if(el) return el; }\n f=o.forms; if(f) for(n=0; n<f.length; n++) { els=f[n].elements;\n for(m=0; m<els.length; m++){ el=FP_getObjectByID(id,els[n]); if(el) return el; } } return null; } \/\/ -->\n<\/script><\/p>\n<p align=\"center\"><a href=\"http:\/\/www.noworudzianin.pl\/WWW\/images\/296_b.jpg\" target=\"_blank\" rel=\"noopener\"><br \/>\n<img loading=\"lazy\" decoding=\"async\" src=\"http:\/\/www.noworudzianin.pl\/WWW\/images\/296_b_small.jpg\" width=\"221\" height=\"300\" border=\"1\" \/><\/a><br \/>\n<span style=\"font-family: Verdana;\">Numer 296<br \/>\n<span style=\"font-size: small;\">8-14 wrze\u015bnia 2017 r.<\/span><\/span><\/p>\n","protected":false},"excerpt":{"rendered":"<p>W\u00a0niedziel\u0119 3 wrze\u015bnia w\u00a0Nowej Rudzie-S\u0142upcu mia\u0142o miejsce uroczyste z\u0142o\u017cenie urny z\u00a0ziemi\u0105 z\u00a0warszawskiej \u201e\u0141\u0105czki\u201d.<\/p>\n","protected":false},"author":6,"featured_media":4794,"comment_status":"open","ping_status":"open","sticky":false,"template":"","format":"standard","meta":{"om_disable_all_campaigns":false,"_monsterinsights_skip_tracking":false,"_monsterinsights_sitenote_active":false,"_monsterinsights_sitenote_note":"","_monsterinsights_sitenote_category":0,"_uf_show_specific_survey":0,"_uf_disable_surveys":false,"footnotes":""},"categories":[2,6,23],"tags":[1507,20,5,1498,4,1506],"aioseo_notices":[],"amp_enabled":true,"_links":{"self":[{"href":"https:\/\/www.noworudzianin.pl\/WWW\/wp-json\/wp\/v2\/posts\/4818"}],"collection":[{"href":"https:\/\/www.noworudzianin.pl\/WWW\/wp-json\/wp\/v2\/posts"}],"about":[{"href":"https:\/\/www.noworudzianin.pl\/WWW\/wp-json\/wp\/v2\/types\/post"}],"author":[{"embeddable":true,"href":"https:\/\/www.noworudzianin.pl\/WWW\/wp-json\/wp\/v2\/users\/6"}],"replies":[{"embeddable":true,"href":"https:\/\/www.noworudzianin.pl\/WWW\/wp-json\/wp\/v2\/comments?post=4818"}],"version-history":[{"count":2,"href":"https:\/\/www.noworudzianin.pl\/WWW\/wp-json\/wp\/v2\/posts\/4818\/revisions"}],"predecessor-version":[{"id":27907,"href":"https:\/\/www.noworudzianin.pl\/WWW\/wp-json\/wp\/v2\/posts\/4818\/revisions\/27907"}],"wp:featuredmedia":[{"embeddable":true,"href":"https:\/\/www.noworudzianin.pl\/WWW\/wp-json\/wp\/v2\/media\/4794"}],"wp:attachment":[{"href":"https:\/\/www.noworudzianin.pl\/WWW\/wp-json\/wp\/v2\/media?parent=4818"}],"wp:term":[{"taxonomy":"category","embeddable":true,"href":"https:\/\/www.noworudzianin.pl\/WWW\/wp-json\/wp\/v2\/categories?post=4818"},{"taxonomy":"post_tag","embeddable":true,"href":"https:\/\/www.noworudzianin.pl\/WWW\/wp-json\/wp\/v2\/tags?post=4818"}],"curies":[{"name":"wp","href":"https:\/\/api.w.org\/{rel}","templated":true}]}}