{"id":4832,"date":"2017-09-07T19:04:16","date_gmt":"2017-09-07T17:04:16","guid":{"rendered":"https:\/\/www.noworudzianin.pl\/WWW\/?p=4832"},"modified":"2023-08-15T16:55:25","modified_gmt":"2023-08-15T14:55:25","slug":"najlepszy-z-radkowa","status":"publish","type":"post","link":"https:\/\/www.noworudzianin.pl\/WWW\/2017\/09\/07\/najlepszy-z-radkowa\/","title":{"rendered":"Najlepszy z Radkowa"},"content":{"rendered":"<p><script src=\"https:\/\/apis.google.com\/js\/platform.js\" async defer>\n  {lang: 'pl'}\n<\/script><\/p>\n<div class=\"g-plusone\" data-annotation=\"inline\" data-width=\"300\"><\/div>\n<p><iframe loading=\"lazy\" style=\"border: none; overflow: hidden;\" src=\"https:\/\/www.facebook.com\/plugins\/like.php?href=https%3A%2F%2Fwww.facebook.com%2FNoworudzianin%2F&amp;width=450&amp;layout=standard&amp;action=like&amp;size=large&amp;show_faces=true&amp;share=true&amp;height=80&amp;appId=245775052109201\" width=\"450\" height=\"80\" frameborder=\"0\" scrolling=\"no\"><\/iframe><\/p>\n<p>W ostatni\u0105 niedziel\u0119 sierpnia w \u015acinawce \u015aredniej odby\u0142y si\u0119 Do\u017cynki Gminy Radk\u00f3w, a tydzie\u0144 p\u00f3\u017aniej, w\u00a0tym samym miejscu \u2013 Do\u017cynki Powiatu K\u0142odzkiego.<!--more--><br \/>\nPogoda nie rozpieszcza\u0142a, ale te\u017c nie przeszkodzi\u0142a w obchodach Do\u017cynek Powiatu K\u0142odzkiego, kt\u00f3re oby\u0142y si\u0119 3\u00a0wrze\u015bnia w \u015acinawce \u015aredniej. W\u015br\u00f3d siedmiu delegacji gminnych nie zabrak\u0142o reprezentacji Radkowa na czele z burmistrzem Janem Bednarczykiem oraz starostami gminnymi: Ma\u0142gorzat\u0105 Ginter i Micha\u0142em Peszkiem \u2013 rolnikami z Ratna G\u00f3rnego.<\/p>\n<p><a href=\"https:\/\/www.noworudzianin.pl\/WWW\/wp-content\/uploads\/2017\/09\/Najlepszy-z-Radkowa-2.jpg\"><img loading=\"lazy\" decoding=\"async\" class=\"alignnone size-large wp-image-4806\" src=\"https:\/\/www.noworudzianin.pl\/WWW\/wp-content\/uploads\/2017\/09\/Najlepszy-z-Radkowa-2-630x350.jpg\" alt=\"\" width=\"630\" height=\"350\" srcset=\"https:\/\/www.noworudzianin.pl\/WWW\/wp-content\/uploads\/2017\/09\/Najlepszy-z-Radkowa-2-630x350.jpg 630w, https:\/\/www.noworudzianin.pl\/WWW\/wp-content\/uploads\/2017\/09\/Najlepszy-z-Radkowa-2-300x167.jpg 300w, https:\/\/www.noworudzianin.pl\/WWW\/wp-content\/uploads\/2017\/09\/Najlepszy-z-Radkowa-2-768x427.jpg 768w, https:\/\/www.noworudzianin.pl\/WWW\/wp-content\/uploads\/2017\/09\/Najlepszy-z-Radkowa-2.jpg 800w\" sizes=\"(max-width: 630px) 100vw, 630px\" \/><\/a><\/p>\n<p>Jak co roku, podczas do\u017cynek, odby\u0142 si\u0119 konkurs wie\u0144c\u00f3w. Zgodno\u015b\u0107 z tradycj\u0105 (kompozycja, forma, u\u017cyte materia\u0142y, technika wyplatania), r\u00f3\u017cnorodno\u015b\u0107 u\u017cytych materia\u0142\u00f3w (k\u0142osy, ziarno zb\u00f3\u017c, owoce), walory estetyczne, nawi\u0105zanie form\u0105 do tradycyjnych wiank\u00f3w \u2013 wszystkie te kryteria spe\u0142nia\u0142 wieniec Gminy Radk\u00f3w, kt\u00f3rego jury uzna\u0142o za najlepszy.<br \/>\nW innych konkursach do\u017cynkowych nasi mieszka\u0144cy te\u017c znale\u017ali si\u0119 w czo\u0142\u00f3wce. W rywalizacji na najlepsz\u0105 pajd\u0119 chleba ze smalcem wygra\u0142o Ko\u0142o Gospody\u0144 Wiejskich ze \u015acinawki Dolnej, a panie z KGW ze \u015acinawki \u015aredniej zaj\u0119\u0142y drugie miejsce.<\/p>\n<p><a href=\"https:\/\/www.noworudzianin.pl\/WWW\/wp-content\/uploads\/2017\/09\/Najlepszy-z-Radkowa-3.jpg\"><img loading=\"lazy\" decoding=\"async\" class=\"alignnone size-large wp-image-4807\" src=\"https:\/\/www.noworudzianin.pl\/WWW\/wp-content\/uploads\/2017\/09\/Najlepszy-z-Radkowa-3-630x350.jpg\" alt=\"\" width=\"630\" height=\"350\" srcset=\"https:\/\/www.noworudzianin.pl\/WWW\/wp-content\/uploads\/2017\/09\/Najlepszy-z-Radkowa-3-630x350.jpg 630w, https:\/\/www.noworudzianin.pl\/WWW\/wp-content\/uploads\/2017\/09\/Najlepszy-z-Radkowa-3-300x167.jpg 300w, https:\/\/www.noworudzianin.pl\/WWW\/wp-content\/uploads\/2017\/09\/Najlepszy-z-Radkowa-3-768x427.jpg 768w, https:\/\/www.noworudzianin.pl\/WWW\/wp-content\/uploads\/2017\/09\/Najlepszy-z-Radkowa-3.jpg 800w\" sizes=\"(max-width: 630px) 100vw, 630px\" \/><\/a><\/p>\n<p>Na do\u017cynkowej scenie nie zabrak\u0142o te\u017c m\u0142odych mieszka\u0144c\u00f3w gminy Radk\u00f3w. Wyst\u0105pi\u0142 duet akordeonowy \u201eKubar\u201d \u2013 Kuba i Bartek Syrycowie z towarzyszeniem Zygmunta Szkretki, swojego nauczyciela, na gitarze zagra\u0142a Ola Kulig, na tr\u0105bce \u2013 Magdalena Dworza\u0144ska. Dziewcz\u0119ta s\u0105 uczennicami sekcji muzycznej w Gminnym Centrum Kultury Sportu i Turystyki w Radkowie. Zesp\u00f3\u0142 Ludowy \u201e\u015acinawianki\u201d ze \u015acinawki \u015aredniej wzi\u0105\u0142 udzia\u0142 w o\u015bpiewaniu wie\u0144ca i da\u0142 wyst\u0119p na scenie\u00a0podczas prezentacji ludowych.<\/p>\n<p align=\"center\"><span style=\"color: #0000ff;\">Wi\u0119cej informacji na str. 3 w numerze 296 tygodnika \u201eNoworudzianin\u201d\u00a0<\/span><br \/>\n<script language=\"JavaScript\">\n<!--\nfunction FP_swapImg() {\/\/v1.0\n var doc=document,args=arguments,elm,n; doc.$imgSwaps=new Array(); for(n=2; n<args.length;\n n+=2) { elm=FP_getObjectByID(args[n]); if(elm) { doc.$imgSwaps[doc.$imgSwaps.length]=elm;\n elm.$src=elm.src; elm.src=args[n+1]; } }\n}\nfunction FP_preloadImgs() {\/\/v1.0\n var d=document,a=arguments; if(!d.FP_imgs) d.FP_imgs=new Array();\n for(var i=0; i<a.length; i++) { d.FP_imgs[i]=new Image; d.FP_imgs[i].src=a[i]; }\n}\nfunction FP_getObjectByID(id,o) {\/\/v1.0\n var c,el,els,f,m,n; if(!o)o=document; if(o.getElementById) el=o.getElementById(id);\n else if(o.layers) c=o.layers; else if(o.all) el=o.all[id]; if(el) return el;\n if(o.id==id || o.name==id) return o; if(o.childNodes) c=o.childNodes; if(c)\n for(n=0; n<c.length; n++) { el=FP_getObjectByID(id,c[n]); if(el) return el; }\n f=o.forms; if(f) for(n=0; n<f.length; n++) { els=f[n].elements;\n for(m=0; m<els.length; m++){ el=FP_getObjectByID(id,els[n]); if(el) return el; } } return null; } \/\/ -->\n<\/script><\/p>\n<p align=\"center\"><a href=\"http:\/\/www.noworudzianin.pl\/WWW\/images\/296_b.jpg\" target=\"_blank\" rel=\"noopener\"><br \/>\n<img loading=\"lazy\" decoding=\"async\" src=\"http:\/\/www.noworudzianin.pl\/WWW\/images\/296_b_small.jpg\" width=\"221\" height=\"300\" border=\"1\" \/><\/a><br \/>\n<span style=\"font-family: Verdana;\">Numer 296<br \/>\n<span style=\"font-size: small;\">8-14 wrze\u015bnia 2017 r.<\/span><\/span><\/p>\n","protected":false},"excerpt":{"rendered":"<p>W ostatni\u0105 niedziel\u0119 sierpnia w \u015acinawce \u015aredniej odby\u0142y si\u0119 Do\u017cynki Gminy Radk\u00f3w, a tydzie\u0144 p\u00f3\u017aniej, w\u00a0tym samym miejscu \u2013 Do\u017cynki<\/p>\n","protected":false},"author":6,"featured_media":4805,"comment_status":"open","ping_status":"open","sticky":false,"template":"","format":"standard","meta":{"om_disable_all_campaigns":false,"_monsterinsights_skip_tracking":false,"_monsterinsights_sitenote_active":false,"_monsterinsights_sitenote_note":"","_monsterinsights_sitenote_category":0,"_uf_show_specific_survey":0,"_uf_disable_surveys":false,"footnotes":""},"categories":[2,9,30,426],"tags":[1525,1523,1524,1522,20,5,1498,4,13],"aioseo_notices":[],"amp_enabled":true,"_links":{"self":[{"href":"https:\/\/www.noworudzianin.pl\/WWW\/wp-json\/wp\/v2\/posts\/4832"}],"collection":[{"href":"https:\/\/www.noworudzianin.pl\/WWW\/wp-json\/wp\/v2\/posts"}],"about":[{"href":"https:\/\/www.noworudzianin.pl\/WWW\/wp-json\/wp\/v2\/types\/post"}],"author":[{"embeddable":true,"href":"https:\/\/www.noworudzianin.pl\/WWW\/wp-json\/wp\/v2\/users\/6"}],"replies":[{"embeddable":true,"href":"https:\/\/www.noworudzianin.pl\/WWW\/wp-json\/wp\/v2\/comments?post=4832"}],"version-history":[{"count":2,"href":"https:\/\/www.noworudzianin.pl\/WWW\/wp-json\/wp\/v2\/posts\/4832\/revisions"}],"predecessor-version":[{"id":27902,"href":"https:\/\/www.noworudzianin.pl\/WWW\/wp-json\/wp\/v2\/posts\/4832\/revisions\/27902"}],"wp:featuredmedia":[{"embeddable":true,"href":"https:\/\/www.noworudzianin.pl\/WWW\/wp-json\/wp\/v2\/media\/4805"}],"wp:attachment":[{"href":"https:\/\/www.noworudzianin.pl\/WWW\/wp-json\/wp\/v2\/media?parent=4832"}],"wp:term":[{"taxonomy":"category","embeddable":true,"href":"https:\/\/www.noworudzianin.pl\/WWW\/wp-json\/wp\/v2\/categories?post=4832"},{"taxonomy":"post_tag","embeddable":true,"href":"https:\/\/www.noworudzianin.pl\/WWW\/wp-json\/wp\/v2\/tags?post=4832"}],"curies":[{"name":"wp","href":"https:\/\/api.w.org\/{rel}","templated":true}]}}