{"id":4988,"date":"2017-09-21T16:35:57","date_gmt":"2017-09-21T14:35:57","guid":{"rendered":"https:\/\/www.noworudzianin.pl\/WWW\/?p=4988"},"modified":"2023-08-15T17:06:12","modified_gmt":"2023-08-15T15:06:12","slug":"swiatowy-dzien-sybiraka-w-jugowie","status":"publish","type":"post","link":"https:\/\/www.noworudzianin.pl\/WWW\/2017\/09\/21\/swiatowy-dzien-sybiraka-w-jugowie\/","title":{"rendered":"\u015awiatowy Dzie\u0144 Sybiraka w Jugowie"},"content":{"rendered":"<p><script src=\"https:\/\/apis.google.com\/js\/platform.js\" async defer>\n  {lang: 'pl'}\n<\/script><\/p>\n<div class=\"g-plusone\" data-annotation=\"inline\" data-width=\"300\"><\/div>\n<p><iframe loading=\"lazy\" style=\"border: none; overflow: hidden;\" src=\"https:\/\/www.facebook.com\/plugins\/like.php?href=https%3A%2F%2Fwww.facebook.com%2FNoworudzianin%2F&amp;width=450&amp;layout=standard&amp;action=like&amp;size=large&amp;show_faces=true&amp;share=true&amp;height=80&amp;appId=245775052109201\" width=\"450\" height=\"80\" frameborder=\"0\" scrolling=\"no\"><\/iframe><\/p>\n<p>17 wrze\u015bnia ka\u017cdy Polak powinien zatrzyma\u0107 si\u0119 na chwil\u0119, od\u0142o\u017cy\u0107 na bok bie\u017c\u0105ce sprawy i\u00a0zaduma\u0107 si\u0119 nad losem, jaki do\u015bwiadczyli nasi rodacy wywo\u017ceni w\u00a0bydl\u0119cych wagonach na Syberi\u0119, na Ural i\u00a0do Kazachstanu.<!--more--><\/p>\n<p><a href=\"https:\/\/www.noworudzianin.pl\/WWW\/wp-content\/uploads\/2017\/09\/\u015awiatowy-Dzie\u0144-Sybiraka-w-Jugowie-2.jpg\"><img loading=\"lazy\" decoding=\"async\" class=\"alignnone size-large wp-image-5006\" src=\"https:\/\/www.noworudzianin.pl\/WWW\/wp-content\/uploads\/2017\/09\/\u015awiatowy-Dzie\u0144-Sybiraka-w-Jugowie-2-630x473.jpg\" alt=\"\" width=\"630\" height=\"473\" srcset=\"https:\/\/www.noworudzianin.pl\/WWW\/wp-content\/uploads\/2017\/09\/\u015awiatowy-Dzie\u0144-Sybiraka-w-Jugowie-2-630x473.jpg 630w, https:\/\/www.noworudzianin.pl\/WWW\/wp-content\/uploads\/2017\/09\/\u015awiatowy-Dzie\u0144-Sybiraka-w-Jugowie-2-300x225.jpg 300w, https:\/\/www.noworudzianin.pl\/WWW\/wp-content\/uploads\/2017\/09\/\u015awiatowy-Dzie\u0144-Sybiraka-w-Jugowie-2-768x576.jpg 768w, https:\/\/www.noworudzianin.pl\/WWW\/wp-content\/uploads\/2017\/09\/\u015awiatowy-Dzie\u0144-Sybiraka-w-Jugowie-2.jpg 1600w\" sizes=\"(max-width: 630px) 100vw, 630px\" \/><\/a><\/p>\n<p>W\u00a0tym roku obchodzimy 78\u00a0rocznic\u0119 napa\u015bci Rosji sowieckiej na nasz kraj. Konsekwencj\u0105 tych wydarze\u0144 by\u0142o masowe wywo\u017cenie Polak\u00f3w na stepy Kazachstanu i\u00a0w\u00a0tajg\u0119 syberyjsk\u0105. Cz\u0142onkowie M\u0142odzie\u017cowej Dru\u017cyny Po\u017carniczej Ochotniczej Stra\u017cy Po\u017carnej w\u00a0Jugowie spotkali si\u0119 w\u00a0\u015awiatowym Dniu Sybiraka z\u00a0przedstawicielami Zwi\u0105zku Sybirak\u00f3w Ko\u0142o Nowa Ruda.<\/p>\n<p><a href=\"https:\/\/www.noworudzianin.pl\/WWW\/wp-content\/uploads\/2017\/09\/\u015awiatowy-Dzie\u0144-Sybiraka-w-Jugowie-3.jpg\"><img loading=\"lazy\" decoding=\"async\" class=\"alignnone size-large wp-image-5007\" src=\"https:\/\/www.noworudzianin.pl\/WWW\/wp-content\/uploads\/2017\/09\/\u015awiatowy-Dzie\u0144-Sybiraka-w-Jugowie-3-630x783.jpg\" alt=\"\" width=\"630\" height=\"783\" srcset=\"https:\/\/www.noworudzianin.pl\/WWW\/wp-content\/uploads\/2017\/09\/\u015awiatowy-Dzie\u0144-Sybiraka-w-Jugowie-3-630x783.jpg 630w, https:\/\/www.noworudzianin.pl\/WWW\/wp-content\/uploads\/2017\/09\/\u015awiatowy-Dzie\u0144-Sybiraka-w-Jugowie-3-241x300.jpg 241w, https:\/\/www.noworudzianin.pl\/WWW\/wp-content\/uploads\/2017\/09\/\u015awiatowy-Dzie\u0144-Sybiraka-w-Jugowie-3-768x954.jpg 768w, https:\/\/www.noworudzianin.pl\/WWW\/wp-content\/uploads\/2017\/09\/\u015awiatowy-Dzie\u0144-Sybiraka-w-Jugowie-3.jpg 932w\" sizes=\"(max-width: 630px) 100vw, 630px\" \/><\/a><\/p>\n<p><em><strong>Fragmenty wyst\u0105pienia Ireny D\u0105bek, prezes Zwi\u0105zku Sybirak\u00f3w Ko\u0142o\u00a0Nowa Ruda podczas spotkania w Jugowie<\/strong><\/em><br \/>\nTo zawsze jest smutne spotkanie rocznicowe sybirak\u00f3w. To nie jest \u015bwi\u0119to, a tylko wspomnienie wywiezienia na Sybir. Naszej tragedii, kt\u00f3ra si\u0119 rozpocz\u0119\u0142a od napa\u015bci Zwi\u0105zku Radzieckiego na Polsk\u0119 17\u00a0wrze\u015bnia 1939 roku. Za t\u0105 dat\u0105 stoj\u0105 sprawy, kt\u00f3re rozegra\u0142y si\u0119 na Kresach Wschodnich Rzeczpospolitej. Nie b\u0119d\u0119 m\u00f3wi\u0107 o tym co prze\u017cyli\u015bmy na Syberii. Prze\u017cy\u0142am 6 lat w lasach i mieli\u015bmy wielkie \u201eszcz\u0119\u015bcie\u201d, \u017ce tam trafili\u015bmy, a nie do Kazachstanu. Prze\u017cyli\u015bmy do ko\u0144ca wojny. Mieli\u015bmy zawsze t\u0119 nadziej\u0119, \u017ce kiedy\u015b stamt\u0105d powr\u00f3cimy do Polski, bo kto\u015b si\u0119 o nas upomni.<br \/>\nPierwsza nadzieja w nas wkroczy\u0142a, gdy organizowa\u0142a si\u0119 armia genera\u0142a Andersa. W Kazachstanie og\u0142oszono amnesti\u0119 i by\u0142 pob\u00f3r do wojska. Potem, gdy organizowa\u0142a si\u0119 Dywizja Ko\u015bciuszkowska, wszyscy m\u0119\u017cczy\u017ani \u2013 nasi ch\u0142opcy, bracia, ojcowie, m\u0119\u017cowie \u2013 zg\u0142osili si\u0119 na ochotnika i poszli walczy\u0107. My\u015bmy ich wspierali, a starsi ludzie b\u0142agali, by oni wszyscy nie gin\u0119li na tej wojnie, a ci kt\u00f3rzy ocalej\u0105, by o nas nie zapomnieli, \u017ce my tutaj czekamy na powr\u00f3t do Ojczyzny.<br \/>\nZbiegiem okoliczno\u015bci i zrz\u0105dzeniem losu, w\u0142adze zorganizowa\u0142y po zako\u0144czeniu wojny transporty i mogli\u015bmy wraca\u0107 do kraju. Jad\u0105c w nieznane, ale szcz\u0119\u015bliwi. Takim radosnym rokiem by\u0142 1946. Sz\u0142y wtedy transporty ze wszystkich stron Zwi\u0105zku Radzieckiego na Ziemie Zachodnie, bo nasze ziemie, z kt\u00f3rych nas zabrali, by\u0142y niedost\u0119pne, ju\u017c tam nie by\u0142o Polski. Przyjechali\u015bmy na \u201eziemie odzyskane\u201d i tutaj osiedlili\u015bmy si\u0119, oczywi\u015bcie przymusowo i zacz\u0119li\u015bmy budowa\u0107 nasz\u0105, now\u0105 Ojczyzn\u0119. Od pocz\u0105tku czasy by\u0142y ci\u0119\u017ckie \u2013 przybyli\u015bmy tutaj z syndromem sybirackim i pi\u0119tnem, \u017ce na Sybir byli\u015bmy zes\u0142ani jako przest\u0119pcy, \u017ce rodzice nasi co\u015b zrobili niedobrego, niegodnego i za to nas wszystkich wywieziono \u2013 tak nam chciano to wpoi\u0107. Niestety, to nas d\u0142ugo prze\u015bladowa\u0142o, nawet w Ojczy\u017anie naszej. Odczuwali\u015bmy to na r\u00f3\u017cny spos\u00f3b, t\u0105 drug\u0105 kategori\u0119 skazanych na zes\u0142anie. Z takim pi\u0119tnem \u017cyli\u015bmy w Polsce Ludowej przez ponad 40 lat i nie przystosowali\u015bmy si\u0119 do tamtej rzeczywisto\u015bci. Do\u017cyli\u015bmy w ko\u0144cu do 1989 roku, kiedy odzyskali\u015bmy prawdziw\u0105 wolno\u015b\u0107. W\u00f3wczas grupa ludzi przypomnia\u0142a o swoim istnieniu, organizuj\u0105c si\u0119 w Zwi\u0105zek Sybirak\u00f3w III RP, kt\u00f3ry by\u0142 przecie\u017c w Rzeczpospolitej przed wojn\u0105 i zosta\u0142 po prostu reaktywowany. Trwa\u0142o to kilka lat, zanim uznano nas za organizacj\u0119 kombatanck\u0105 i przyznano nam prawa.<br \/>\nZawsze \u017cy\u0142a w nas ta pami\u0119\u0107 i nadzieja, \u017ce b\u0119dziemy mogli opowiedzie\u0107 swoje losy. A \u017ce w Jugowie, Nowej Rudzie i S\u0142upcu, \u015acinawce, Woliborzu mieszkali sybiracy \u2013 postanowili\u015bmy si\u0119 odszuka\u0107, gdy\u017c nie wiedzieli\u015bmy o sobie nawzajem. Z czasem powsta\u0142a my\u015bl, by za\u0142o\u017cy\u0107 organizacj\u0119. Grupa inicjatywna zwi\u0105za\u0142a si\u0119 w Jugowie. Ju\u017c nie \u017cyje wielu z tych ludzi, kt\u00f3rzy zak\u0142adali ko\u0142o. Teraz troch\u0119 nas jeszcze zosta\u0142o, tego najm\u0142odszego pokolenia sybirak\u00f3w, kt\u00f3re wtedy by\u0142o na Syberii dzie\u0107mi i tak samo przetrwali t\u0119 gehenn\u0119 zimna, g\u0142odu, n\u0119dzy i rozpaczy rodzic\u00f3w. Tej bezradnej matki, kt\u00f3ra nie mog\u0142a nakarmi\u0107 dzieci, bo nie mia\u0142a czym.<br \/>\nInaczej, ju\u017c jako doro\u015bli, popatrzyli\u015bmy na to wszystko, bo pami\u0119\u0107 pozosta\u0142a. Upowszechniamy i przekazujemy t\u0119 nasz\u0105 prawdziw\u0105 wiedz\u0119 o zsy\u0142ce na Syberi\u0119, na t\u0119 \u201enieludzk\u0105 ziemi\u0119\u201d, by te losy nie zosta\u0142y zniekszta\u0142cone i zapomniane. Cieszymy si\u0119, \u017ce przez ponad 27 lat uda\u0142o nam si\u0119 tak wiele zrobi\u0107 i \u017ce m\u0142ode pokolenie chce korzysta\u0107 z naszych do\u015bwiadcze\u0144. My\u015bl\u0119, \u017ce mo\u017cemy by\u0107 spokojni, \u017ce nast\u0119pne pokolenie, b\u0119dzie t\u0119 pami\u0119\u0107 piel\u0119gnowa\u0142o. Dzi\u0119kujemy, \u017ce zostali\u015bmy zauwa\u017ceni. Jeste\u015bmy ju\u017c zapraszani na Dzie\u0144 Sybiraka, sybiracy s\u0105 r\u00f3wnie\u017c honorowymi obywatelami miasta Nowa Ruda. To wielkie wyr\u00f3\u017cnienie, kt\u00f3re bardzo zobowi\u0105zuje i motywuje do dalszych poczyna\u0144.<\/p>\n<p align=\"center\"><span style=\"color: #0000ff;\">Wi\u0119cej informacji na str. 16-17 w numerze 298 tygodnika \u201eNoworudzianin\u201d <\/span><\/p>\n<p align=\"center\"><script language=\"JavaScript\">\n<!--\nfunction FP_swapImg() {\/\/v1.0\n var doc=document,args=arguments,elm,n; doc.$imgSwaps=new Array(); for(n=2; n<args.length;\n n+=2) { elm=FP_getObjectByID(args[n]); if(elm) { doc.$imgSwaps[doc.$imgSwaps.length]=elm;\n elm.$src=elm.src; elm.src=args[n+1]; } }\n}\nfunction FP_preloadImgs() {\/\/v1.0\n var d=document,a=arguments; if(!d.FP_imgs) d.FP_imgs=new Array();\n for(var i=0; i<a.length; i++) { d.FP_imgs[i]=new Image; d.FP_imgs[i].src=a[i]; }\n}\nfunction FP_getObjectByID(id,o) {\/\/v1.0\n var c,el,els,f,m,n; if(!o)o=document; if(o.getElementById) el=o.getElementById(id);\n else if(o.layers) c=o.layers; else if(o.all) el=o.all[id]; if(el) return el;\n if(o.id==id || o.name==id) return o; if(o.childNodes) c=o.childNodes; if(c)\n for(n=0; n<c.length; n++) { el=FP_getObjectByID(id,c[n]); if(el) return el; }\n f=o.forms; if(f) for(n=0; n<f.length; n++) { els=f[n].elements;\n for(m=0; m<els.length; m++){ el=FP_getObjectByID(id,els[n]); if(el) return el; } } return null; } \/\/ -->\n<\/script><\/p>\n<p align=\"center\"><a href=\"http:\/\/www.noworudzianin.pl\/WWW\/images\/298_b.jpg\" target=\"_blank\" rel=\"noopener\"><br \/>\n<img loading=\"lazy\" decoding=\"async\" src=\"http:\/\/www.noworudzianin.pl\/WWW\/images\/298_b_small.jpg\" width=\"221\" height=\"300\" border=\"1\" \/><\/a><br \/>\n<span style=\"font-family: Verdana;\">Numer 298<br \/>\n<span style=\"font-size: small;\">22-28 wrze\u015bnia 2017 r.<\/span><\/span><\/p>\n","protected":false},"excerpt":{"rendered":"<p>17 wrze\u015bnia ka\u017cdy Polak powinien zatrzyma\u0107 si\u0119 na chwil\u0119, od\u0142o\u017cy\u0107 na bok bie\u017c\u0105ce sprawy i\u00a0zaduma\u0107 si\u0119 nad losem, jaki do\u015bwiadczyli<\/p>\n","protected":false},"author":6,"featured_media":4958,"comment_status":"open","ping_status":"open","sticky":false,"template":"","format":"standard","meta":{"om_disable_all_campaigns":false,"_monsterinsights_skip_tracking":false,"_monsterinsights_sitenote_active":false,"_monsterinsights_sitenote_note":"","_monsterinsights_sitenote_category":0,"_uf_show_specific_survey":0,"_uf_disable_surveys":false,"footnotes":""},"categories":[2,84,426,218],"tags":[1577,1578,20,5,1561,4,1576,1579],"aioseo_notices":[],"amp_enabled":true,"_links":{"self":[{"href":"https:\/\/www.noworudzianin.pl\/WWW\/wp-json\/wp\/v2\/posts\/4988"}],"collection":[{"href":"https:\/\/www.noworudzianin.pl\/WWW\/wp-json\/wp\/v2\/posts"}],"about":[{"href":"https:\/\/www.noworudzianin.pl\/WWW\/wp-json\/wp\/v2\/types\/post"}],"author":[{"embeddable":true,"href":"https:\/\/www.noworudzianin.pl\/WWW\/wp-json\/wp\/v2\/users\/6"}],"replies":[{"embeddable":true,"href":"https:\/\/www.noworudzianin.pl\/WWW\/wp-json\/wp\/v2\/comments?post=4988"}],"version-history":[{"count":7,"href":"https:\/\/www.noworudzianin.pl\/WWW\/wp-json\/wp\/v2\/posts\/4988\/revisions"}],"predecessor-version":[{"id":27929,"href":"https:\/\/www.noworudzianin.pl\/WWW\/wp-json\/wp\/v2\/posts\/4988\/revisions\/27929"}],"wp:featuredmedia":[{"embeddable":true,"href":"https:\/\/www.noworudzianin.pl\/WWW\/wp-json\/wp\/v2\/media\/4958"}],"wp:attachment":[{"href":"https:\/\/www.noworudzianin.pl\/WWW\/wp-json\/wp\/v2\/media?parent=4988"}],"wp:term":[{"taxonomy":"category","embeddable":true,"href":"https:\/\/www.noworudzianin.pl\/WWW\/wp-json\/wp\/v2\/categories?post=4988"},{"taxonomy":"post_tag","embeddable":true,"href":"https:\/\/www.noworudzianin.pl\/WWW\/wp-json\/wp\/v2\/tags?post=4988"}],"curies":[{"name":"wp","href":"https:\/\/api.w.org\/{rel}","templated":true}]}}