{"id":5644,"date":"2017-11-03T15:07:22","date_gmt":"2017-11-03T14:07:22","guid":{"rendered":"https:\/\/www.noworudzianin.pl\/WWW\/?p=5644"},"modified":"2017-11-03T15:26:14","modified_gmt":"2017-11-03T14:26:14","slug":"zaproszenie-na-gesine-sw-marcina","status":"publish","type":"post","link":"https:\/\/www.noworudzianin.pl\/WWW\/2017\/11\/03\/zaproszenie-na-gesine-sw-marcina\/","title":{"rendered":"Zaproszenie na G\u0119sin\u0119 \u015bw. Marcina"},"content":{"rendered":"<p><script src=\"https:\/\/apis.google.com\/js\/platform.js\" async defer>\n  {lang: 'pl'}\n<\/script><\/p>\n<div class=\"g-plusone\" data-annotation=\"inline\" data-width=\"300\"><\/div>\n<p><iframe loading=\"lazy\" src=\"https:\/\/www.facebook.com\/plugins\/like.php?href=https%3A%2F%2Fwww.facebook.com%2FNoworudzianin%2F&#038;width=450&#038;layout=standard&#038;action=like&#038;size=large&#038;show_faces=true&#038;share=true&#038;height=80&#038;appId=245775052109201\" width=\"450\" height=\"80\" style=\"border:none;overflow:hidden\" scrolling=\"no\" frameborder=\"0\" allowTransparency=\"true\"><\/iframe><\/p>\n<p>Szanowni Pa\u0144stwo,<br \/>\nmamy przyjemno\u015b\u0107 zaprosi\u0107 na niezwyk\u0142e wydarzenie kulinarne w Polanicy-Zdr\u00f3j<br \/>\nw Restauracji Zio\u0142owej Hotelu Medical Sensus.<!--more--> <a href=\"http:\/\/medicalsensus.pl\/\" target=_'blank'>www.medicalsensus.pl<\/a><\/p>\n<p><a href=\"https:\/\/www.noworudzianin.pl\/WWW\/wp-content\/uploads\/2017\/11\/k3a.jpg\"><img loading=\"lazy\" decoding=\"async\" src=\"https:\/\/www.noworudzianin.pl\/WWW\/wp-content\/uploads\/2017\/11\/k3a-614x1024.jpg\" alt=\"\" width=\"614\" height=\"1024\" class=\"alignnone size-large wp-image-5654\" srcset=\"https:\/\/www.noworudzianin.pl\/WWW\/wp-content\/uploads\/2017\/11\/k3a-614x1024.jpg 614w, https:\/\/www.noworudzianin.pl\/WWW\/wp-content\/uploads\/2017\/11\/k3a-180x300.jpg 180w, https:\/\/www.noworudzianin.pl\/WWW\/wp-content\/uploads\/2017\/11\/k3a-768x1280.jpg 768w, https:\/\/www.noworudzianin.pl\/WWW\/wp-content\/uploads\/2017\/11\/k3a.jpg 1200w\" sizes=\"(max-width: 614px) 100vw, 614px\" \/><\/a><\/p>\n<p>Mamy dla Pa\u0144stwa podw\u00f3jne zaproszenie na t\u0119 imprez\u0119.<br \/>\nKto wy\u015ble zdj\u0119cie wykonane przez siebie na nasz mail <a href=\"mailto:zdjecia@noworudzianin.pl\" target=\"_blank\">zdjecia@noworudzianin.pl<\/a><br \/>\n(tematyka dowolna &#8211; mile widziane pejza\u017ce &#8211; zw\u0142aszcza noworudzkie, zdj\u0119cia zwierz\u0105t, ludzi, pasje i inne) oraz&#8230;<\/p>\n<p>1. Polubi nasz\u0105 stron\u0119 na Facebooku dost\u0119pn\u0105 tutaj:<br \/>\n<a href=\"http:\/\/www.facebook.com\/Noworudzianin\/\" target=_'blank'>www.facebook.com\/Noworudzianin\/<\/a><\/p>\n<p>2. Udost\u0119pni wydarzenie opublikowane tutaj: <a href=\"https:\/\/www.facebook.com\/events\/2078796455677410\/\" target=_'blank'>www.facebook.com\/events\/2078796455677410\/<\/a> na swojej osi czasu i kliknie \u201ewezm\u0119 udzia\u0142\u201d.<\/p>\n<p>3. Napisze w komentarzu pod powy\u017cszym wydarzeniem (lub zdj\u0119ciem promuj\u0105cym) imi\u0119 osoby z kt\u00f3r\u0105 chce wybra\u0107 si\u0119 na to wydarzenie kulinarne.<\/p>\n<p>Najciekawsze zdj\u0119cie wybierzemy w czwartek 9 listopada 2017 r.<br \/>\nZweryfikujemy warunki, kt\u00f3re nale\u017ca\u0142o spe\u0142ni\u0107. Poinformujemy zwyci\u0119zc\u00f3w oraz Pa\u0144stwa.<br \/>\nNagroda w postaci specjalnego biletu wst\u0119pu b\u0119dzie do odebrania w naszej redakcji w pi\u0105tek 10 listopada 2017 r. do godz. 15.00.<\/p>\n<p>MENU TEMATYCZNE:<br \/>\nAperitif:<br \/>\nPoncz dyniowo-kumkwatowy z rozmarynem i crust\u0105 korzenn\u0105<\/p>\n<p>Amuse bouche:<br \/>\nPasztet z g\u0119sich w\u0105tr\u00f3bek podany na cha\u0142ce z redukowanym kompotem z suszu oraz pra\u017conymi orzechami<\/p>\n<p>Przystawka:<br \/>\nPier\u015b z g\u0119si konfitowana z cydrem podana na sa\u0142atce z pieczonymi warzywami retro,olejem dyniowym i miodem Sudeckim<\/p>\n<p>Zupa:<br \/>\nKrem rydzowy na consomm\u00e9 z g\u0119si<br \/>\nPra\u017cone orzechy laskowe\/chips z topinamburu\/jarmu\u017c<\/p>\n<p>Danie g\u0142\u00f3wne:<br \/>\nUdko g\u0119si confit na modrej kapu\u015bcie oraz pure dyniowo-cytrynowym podane z domowymi kluseczkami i sosem \u015bliwkowym<br \/>\nLub<br \/>\nGalantyna z g\u0119si faszerowana niepalon\u0105 kasz\u0105 gryczan\u0105,\u015bliwk\u0105,pra\u017conym jab\u0142kiem i kasztanami\/podana na concasse buraczkowym z sosem pieczeniowo-rozmarynowym oraz tiulem z pieczonych ziemniak\u00f3w<\/p>\n<p>Wszystko to zostanie idealnie dope\u0142nione deserem zaprezentowanym podczas live cooking`u prowadzonego przez \u0141ukasza Majchrowskiego<br \/>\n\u201eCudowna dekonstrukcja Rogala Marci\u0144skiego\u201d<\/p>\n<p>Zostanie on podany w nowej ods\u0142onie:<br \/>\nBia\u0142e mak\u00f3weczki, tafla z karmelizowanymi orzechami, Sabl\u00e9 oraz mi\u00f3d Sudecki podane z gor\u0105cym karobem i pomara\u0144czow\u0105 bit\u0105 \u015bmietan\u0105<\/p>\n","protected":false},"excerpt":{"rendered":"<p>Szanowni Pa\u0144stwo, mamy przyjemno\u015b\u0107 zaprosi\u0107 na niezwyk\u0142e wydarzenie kulinarne w Polanicy-Zdr\u00f3j w Restauracji Zio\u0142owej Hotelu Medical Sensus.<\/p>\n","protected":false},"author":4,"featured_media":5649,"comment_status":"open","ping_status":"closed","sticky":false,"template":"","format":"standard","meta":{"om_disable_all_campaigns":false,"_monsterinsights_skip_tracking":false,"_monsterinsights_sitenote_active":false,"_monsterinsights_sitenote_note":"","_monsterinsights_sitenote_category":0,"_uf_show_specific_survey":0,"_uf_disable_surveys":false,"footnotes":""},"categories":[2,234,1740],"tags":[1745,1741,1744,1746],"aioseo_notices":[],"amp_enabled":true,"_links":{"self":[{"href":"https:\/\/www.noworudzianin.pl\/WWW\/wp-json\/wp\/v2\/posts\/5644"}],"collection":[{"href":"https:\/\/www.noworudzianin.pl\/WWW\/wp-json\/wp\/v2\/posts"}],"about":[{"href":"https:\/\/www.noworudzianin.pl\/WWW\/wp-json\/wp\/v2\/types\/post"}],"author":[{"embeddable":true,"href":"https:\/\/www.noworudzianin.pl\/WWW\/wp-json\/wp\/v2\/users\/4"}],"replies":[{"embeddable":true,"href":"https:\/\/www.noworudzianin.pl\/WWW\/wp-json\/wp\/v2\/comments?post=5644"}],"version-history":[{"count":9,"href":"https:\/\/www.noworudzianin.pl\/WWW\/wp-json\/wp\/v2\/posts\/5644\/revisions"}],"predecessor-version":[{"id":5657,"href":"https:\/\/www.noworudzianin.pl\/WWW\/wp-json\/wp\/v2\/posts\/5644\/revisions\/5657"}],"wp:featuredmedia":[{"embeddable":true,"href":"https:\/\/www.noworudzianin.pl\/WWW\/wp-json\/wp\/v2\/media\/5649"}],"wp:attachment":[{"href":"https:\/\/www.noworudzianin.pl\/WWW\/wp-json\/wp\/v2\/media?parent=5644"}],"wp:term":[{"taxonomy":"category","embeddable":true,"href":"https:\/\/www.noworudzianin.pl\/WWW\/wp-json\/wp\/v2\/categories?post=5644"},{"taxonomy":"post_tag","embeddable":true,"href":"https:\/\/www.noworudzianin.pl\/WWW\/wp-json\/wp\/v2\/tags?post=5644"}],"curies":[{"name":"wp","href":"https:\/\/api.w.org\/{rel}","templated":true}]}}