{"id":6030,"date":"2017-11-30T13:55:53","date_gmt":"2017-11-30T12:55:53","guid":{"rendered":"https:\/\/www.noworudzianin.pl\/WWW\/?p=6030"},"modified":"2023-08-15T18:00:12","modified_gmt":"2023-08-15T16:00:12","slug":"poswiecenie-kapliczki","status":"publish","type":"post","link":"https:\/\/www.noworudzianin.pl\/WWW\/2017\/11\/30\/poswiecenie-kapliczki\/","title":{"rendered":"Po\u015bwi\u0119cenie kapliczki"},"content":{"rendered":"<p><script src=\"https:\/\/apis.google.com\/js\/platform.js\" async defer>\n  {lang: 'pl'}\n<\/script><\/p>\n<div class=\"g-plusone\" data-annotation=\"inline\" data-width=\"300\"><\/div>\n<p><iframe loading=\"lazy\" style=\"border: none; overflow: hidden;\" src=\"https:\/\/www.facebook.com\/plugins\/like.php?href=https%3A%2F%2Fwww.facebook.com%2FNoworudzianin%2F&amp;width=450&amp;layout=standard&amp;action=like&amp;size=large&amp;show_faces=true&amp;share=true&amp;height=80&amp;appId=245775052109201\" width=\"450\" height=\"80\" frameborder=\"0\" scrolling=\"no\"><\/iframe><\/p>\n<p>W\u00a0sobot\u0119 25 listopada, przy drodze wiod\u0105cej na G\u00f3r\u0119 \u015awi\u0119tej Anny w\u00a0Nowej Rudzie, zosta\u0142a po\u015bwi\u0119cona kapliczka.<!--more--> Tego dnia, o\u00a0godz. 15.00 spod Miejskiego O\u015brodka Kultury w\u00a0Nowej Rudzie wyruszy\u0142a grupa wiernych, z\u00a0modlitw\u0105 r\u00f3\u017ca\u0144cow\u0105 na ustach. Dotarli do celu o\u00a0godz. 15.30. Po kr\u00f3tkim wprowadzeniu i\u00a0modlitwie Koronk\u0105 do Mi\u0142osierdzia Bo\u017cego, ks. Jerzy Kos, proboszcz parafii \u015bw. Miko\u0142aja w\u00a0Nowej Rudzie, dokona\u0142 po\u015bwi\u0119cenia kapliczki.<br \/>\n\u2013 W\u00a0latach 30 XX wieku zosta\u0142 tu posadzony d\u0105b i\u00a0odnowiono kaplic\u0119, kt\u00f3rej historia si\u0119ga pocz\u0105tk\u00f3w XVII wieku. \u2013 m\u00f3wi ks.\u00a0Jerzy Kos. \u2013 To miejsce przypomina nam o\u00a0rodzinie. Rodzinie, w\u00a0kt\u00f3rej babcie s\u0105 wa\u017cne. St\u0105d te\u017c kult \u015bw. Anny, kt\u00f3ra uczy Maryj\u0119 prawa Bo\u017cego, przykaza\u0144 Bo\u017cych \u2013 w\u00a0taki spos\u00f3b jest \u00adnamalowana \u2013 dodaje.<br \/>\nKaplica, kt\u00f3r\u0105 odnowi\u0142 Julian Denysiewicz, w\u00a0latach 90 XX wieku zosta\u0142a skradziona. Dzisiaj mo\u017cemy si\u0119 cieszy\u0107 replik\u0105 tamtej kaplicy z\u00a0wizerunkiem Maryi i\u00a0\u015bw. Anny namalowanym przez Sandr\u0119 Fidursk\u0105. Inspiratorami tego wydarzenia byli pa\u0144stwo Roguscy z\u00a0Nowej Rudy.<\/p>\n<p><a href=\"https:\/\/www.noworudzianin.pl\/WWW\/wp-content\/uploads\/2017\/11\/Po\u015bwi\u0119cenie-kapliczki-2.jpg\"><img loading=\"lazy\" decoding=\"async\" class=\"alignnone size-large wp-image-6051\" src=\"https:\/\/www.noworudzianin.pl\/WWW\/wp-content\/uploads\/2017\/11\/Po\u015bwi\u0119cenie-kapliczki-2-630x354.jpg\" alt=\"\" width=\"630\" height=\"354\" srcset=\"https:\/\/www.noworudzianin.pl\/WWW\/wp-content\/uploads\/2017\/11\/Po\u015bwi\u0119cenie-kapliczki-2-630x354.jpg 630w, https:\/\/www.noworudzianin.pl\/WWW\/wp-content\/uploads\/2017\/11\/Po\u015bwi\u0119cenie-kapliczki-2-300x169.jpg 300w, https:\/\/www.noworudzianin.pl\/WWW\/wp-content\/uploads\/2017\/11\/Po\u015bwi\u0119cenie-kapliczki-2-768x432.jpg 768w, https:\/\/www.noworudzianin.pl\/WWW\/wp-content\/uploads\/2017\/11\/Po\u015bwi\u0119cenie-kapliczki-2.jpg 1920w\" sizes=\"(max-width: 630px) 100vw, 630px\" \/><\/a><\/p>\n<p><a href=\"https:\/\/www.noworudzianin.pl\/WWW\/wp-content\/uploads\/2017\/11\/Po\u015bwi\u0119cenie-kapliczki-3.jpg\"><img loading=\"lazy\" decoding=\"async\" class=\"alignnone size-large wp-image-6052\" src=\"https:\/\/www.noworudzianin.pl\/WWW\/wp-content\/uploads\/2017\/11\/Po\u015bwi\u0119cenie-kapliczki-3-630x354.jpg\" alt=\"\" width=\"630\" height=\"354\" srcset=\"https:\/\/www.noworudzianin.pl\/WWW\/wp-content\/uploads\/2017\/11\/Po\u015bwi\u0119cenie-kapliczki-3-630x354.jpg 630w, https:\/\/www.noworudzianin.pl\/WWW\/wp-content\/uploads\/2017\/11\/Po\u015bwi\u0119cenie-kapliczki-3-300x169.jpg 300w, https:\/\/www.noworudzianin.pl\/WWW\/wp-content\/uploads\/2017\/11\/Po\u015bwi\u0119cenie-kapliczki-3-768x432.jpg 768w, https:\/\/www.noworudzianin.pl\/WWW\/wp-content\/uploads\/2017\/11\/Po\u015bwi\u0119cenie-kapliczki-3.jpg 1920w\" sizes=\"(max-width: 630px) 100vw, 630px\" \/><\/a><\/p>\n<p align=\"center\"><span style=\"color: #0000ff;\">Wi\u0119cej informacji na str. 5 w numerze 308 tygodnika \u201eNoworudzianin\u201d\u00a0<\/span><\/p>\n<p><script language=\"JavaScript\">\n<!--\nfunction FP_swapImg() {\/\/v1.0\n var doc=document,args=arguments,elm,n; doc.$imgSwaps=new Array(); for(n=2; n<args.length;\n n+=2) { elm=FP_getObjectByID(args[n]); if(elm) { doc.$imgSwaps[doc.$imgSwaps.length]=elm;\n elm.$src=elm.src; elm.src=args[n+1]; } }\n}\nfunction FP_preloadImgs() {\/\/v1.0\n var d=document,a=arguments; if(!d.FP_imgs) d.FP_imgs=new Array();\n for(var i=0; i<a.length; i++) { d.FP_imgs[i]=new Image; d.FP_imgs[i].src=a[i]; }\n}\nfunction FP_getObjectByID(id,o) {\/\/v1.0\n var c,el,els,f,m,n; if(!o)o=document; if(o.getElementById) el=o.getElementById(id);\n else if(o.layers) c=o.layers; else if(o.all) el=o.all[id]; if(el) return el;\n if(o.id==id || o.name==id) return o; if(o.childNodes) c=o.childNodes; if(c)\n for(n=0; n<c.length; n++) { el=FP_getObjectByID(id,c[n]); if(el) return el; }\n f=o.forms; if(f) for(n=0; n<f.length; n++) { els=f[n].elements;\n for(m=0; m<els.length; m++){ el=FP_getObjectByID(id,els[n]); if(el) return el; } } return null; } \/\/ -->\n<\/script><\/p>\n<p align=\"center\"><a href=\"http:\/\/www.noworudzianin.pl\/WWW\/images\/308_b.jpg\" target=\"_blank\" rel=\"noopener\"><br \/>\n<img loading=\"lazy\" decoding=\"async\" src=\"http:\/\/www.noworudzianin.pl\/WWW\/images\/308_b_small.jpg\" width=\"221\" height=\"300\" border=\"1\" \/><\/a><br \/>\n<span style=\"font-family: Verdana;\">Numer 308<br \/>\n<span style=\"font-size: small;\">1-7 grudnia 2017 r.<\/span><\/span><\/p>\n","protected":false},"excerpt":{"rendered":"<p>W\u00a0sobot\u0119 25 listopada, przy drodze wiod\u0105cej na G\u00f3r\u0119 \u015awi\u0119tej Anny w\u00a0Nowej Rudzie, zosta\u0142a po\u015bwi\u0119cona kapliczka.<\/p>\n","protected":false},"author":4,"featured_media":6050,"comment_status":"open","ping_status":"closed","sticky":false,"template":"","format":"standard","meta":{"om_disable_all_campaigns":false,"_monsterinsights_skip_tracking":false,"_monsterinsights_sitenote_active":false,"_monsterinsights_sitenote_note":"","_monsterinsights_sitenote_category":0,"_uf_show_specific_survey":0,"_uf_disable_surveys":false,"footnotes":""},"categories":[2,6,32],"tags":[210,36,564,20,5,1877,1881],"aioseo_notices":[],"amp_enabled":true,"_links":{"self":[{"href":"https:\/\/www.noworudzianin.pl\/WWW\/wp-json\/wp\/v2\/posts\/6030"}],"collection":[{"href":"https:\/\/www.noworudzianin.pl\/WWW\/wp-json\/wp\/v2\/posts"}],"about":[{"href":"https:\/\/www.noworudzianin.pl\/WWW\/wp-json\/wp\/v2\/types\/post"}],"author":[{"embeddable":true,"href":"https:\/\/www.noworudzianin.pl\/WWW\/wp-json\/wp\/v2\/users\/4"}],"replies":[{"embeddable":true,"href":"https:\/\/www.noworudzianin.pl\/WWW\/wp-json\/wp\/v2\/comments?post=6030"}],"version-history":[{"count":3,"href":"https:\/\/www.noworudzianin.pl\/WWW\/wp-json\/wp\/v2\/posts\/6030\/revisions"}],"predecessor-version":[{"id":28069,"href":"https:\/\/www.noworudzianin.pl\/WWW\/wp-json\/wp\/v2\/posts\/6030\/revisions\/28069"}],"wp:featuredmedia":[{"embeddable":true,"href":"https:\/\/www.noworudzianin.pl\/WWW\/wp-json\/wp\/v2\/media\/6050"}],"wp:attachment":[{"href":"https:\/\/www.noworudzianin.pl\/WWW\/wp-json\/wp\/v2\/media?parent=6030"}],"wp:term":[{"taxonomy":"category","embeddable":true,"href":"https:\/\/www.noworudzianin.pl\/WWW\/wp-json\/wp\/v2\/categories?post=6030"},{"taxonomy":"post_tag","embeddable":true,"href":"https:\/\/www.noworudzianin.pl\/WWW\/wp-json\/wp\/v2\/tags?post=6030"}],"curies":[{"name":"wp","href":"https:\/\/api.w.org\/{rel}","templated":true}]}}