{"id":6364,"date":"2017-12-29T12:47:22","date_gmt":"2017-12-29T11:47:22","guid":{"rendered":"https:\/\/www.noworudzianin.pl\/WWW\/?p=6364"},"modified":"2017-12-29T14:58:17","modified_gmt":"2017-12-29T13:58:17","slug":"slawomir-karwowski-nie-jest-juz-radnym-rady-gminy-nowa-ruda","status":"publish","type":"post","link":"https:\/\/www.noworudzianin.pl\/WWW\/2017\/12\/29\/slawomir-karwowski-nie-jest-juz-radnym-rady-gminy-nowa-ruda\/","title":{"rendered":"S\u0142awomir Karwowski nie jest ju\u017c radnym Rady Gminy Nowa Ruda"},"content":{"rendered":"<p><script src=\"https:\/\/apis.google.com\/js\/platform.js\" async defer>\n  {lang: 'pl'}\n<\/script><\/p>\n<div class=\"g-plusone\" data-annotation=\"inline\" data-width=\"300\"><\/div>\n<p><iframe loading=\"lazy\" src=\"https:\/\/www.facebook.com\/plugins\/like.php?href=https%3A%2F%2Fwww.facebook.com%2FNoworudzianin%2F&#038;width=450&#038;layout=standard&#038;action=like&#038;size=large&#038;show_faces=true&#038;share=true&#038;height=80&#038;appId=245775052109201\" width=\"450\" height=\"80\" style=\"border:none;overflow:hidden\" scrolling=\"no\" frameborder=\"0\" allowTransparency=\"true\"><\/iframe><\/p>\n<p>W pi\u0105tek 29 grudnia, podczas XLI sesji Rady Gminy Nowa Ruda, radni jednog\u0142o\u015bnie podj\u0119li uchwa\u0142\u0119 stwierdzaj\u0105c\u0105 wyga\u015bni\u0119cie mandatu S\u0142awomira Karwowskiego.<!--more--><\/p>\n<p>Na pocz\u0105tku sesji wprowadzono zmian\u0119 do porz\u0105dku obrad dotycz\u0105c\u0105 wyga\u015bni\u0119cia mandatu radnego S\u0142awomira Karwowskiego z Jugowa.<\/p>\n<p>W \u015brod\u0119 27 grudnia 2017 r. do Grzegorza Nierodki, przewodnicz\u0105cego Rady Gminy Nowa Ruda, trafi\u0142o pismo w\u00f3jt Adrianny Mierzejewskiej informuj\u0105ce, \u017ce radny S\u0142awomir Karwowski pe\u0142ni funkcj\u0119 \u0142awnika w S\u0105dzie Rejonowym w K\u0142odzku i nie zrzek\u0142 si\u0119 tej funkcji, do czego by\u0142 zobowi\u0105zany w wyniku odpowiednich przepis\u00f3w (Kodeks Wyborczy oraz prawo o ustroju S\u0105d\u00f3w Powszechnych).<\/p>\n<p>Stan prawny dotycz\u0105cy tej kwestii wyja\u015bni\u0142a radca prawny Katarzyna Kordys-Bobowska.<br \/>\n<a href=\"https:\/\/www.noworudzianin.pl\/WWW\/wp-content\/uploads\/2017\/12\/DSC_0079.jpg\"><img loading=\"lazy\" decoding=\"async\" src=\"https:\/\/www.noworudzianin.pl\/WWW\/wp-content\/uploads\/2017\/12\/DSC_0079-630x420.jpg\" alt=\"\" width=\"630\" height=\"420\" class=\"alignnone size-large wp-image-6366\" srcset=\"https:\/\/www.noworudzianin.pl\/WWW\/wp-content\/uploads\/2017\/12\/DSC_0079-630x420.jpg 630w, https:\/\/www.noworudzianin.pl\/WWW\/wp-content\/uploads\/2017\/12\/DSC_0079-300x200.jpg 300w, https:\/\/www.noworudzianin.pl\/WWW\/wp-content\/uploads\/2017\/12\/DSC_0079-768x512.jpg 768w\" sizes=\"(max-width: 630px) 100vw, 630px\" \/><\/a><br \/>\nPo zaprzysi\u0119\u017ceniu na radnego Rady Gminy Nowa Ruda 29 sierpnia 2017 roku S\u0142awomir Karwowski mia\u0142 3 miesi\u0105ce (do 29 listopada) na zrzeczenie si\u0119 funkcji \u0142awnika lub radnego. Wyb\u00f3r nale\u017ca\u0142 do niego.<br \/>\nW my\u015bl przepis\u00f3w prawa nie mo\u017cna \u0142\u0105czy\u0107 tych dw\u00f3ch stanowisk.<\/p>\n<p>Poniewa\u017c radny Karwowski tego nie uczyni\u0142 radni byli zobligowani do podj\u0119cia uchwa\u0142y o wyga\u015bni\u0119ciu jego mandatu. Uczynili to jednomy\u015blnie, bez samego zainteresowanego, kt\u00f3ry nie bra\u0142 udzia\u0142 w g\u0142osowaniu, o co zosta\u0142 poproszony przez przewodnicz\u0105cego rady, kt\u00f3ry t\u0142umaczy\u0142, \u017ce nie powinien g\u0142osowa\u0107 w sprawach, kt\u00f3re jego dotycz\u0105.<br \/>\n<a href=\"https:\/\/www.noworudzianin.pl\/WWW\/wp-content\/uploads\/2017\/12\/DSC_0077.jpg\"><img loading=\"lazy\" decoding=\"async\" src=\"https:\/\/www.noworudzianin.pl\/WWW\/wp-content\/uploads\/2017\/12\/DSC_0077-630x420.jpg\" alt=\"\" width=\"630\" height=\"420\" class=\"alignnone size-large wp-image-6367\" srcset=\"https:\/\/www.noworudzianin.pl\/WWW\/wp-content\/uploads\/2017\/12\/DSC_0077-630x420.jpg 630w, https:\/\/www.noworudzianin.pl\/WWW\/wp-content\/uploads\/2017\/12\/DSC_0077-300x200.jpg 300w, https:\/\/www.noworudzianin.pl\/WWW\/wp-content\/uploads\/2017\/12\/DSC_0077-768x512.jpg 768w\" sizes=\"(max-width: 630px) 100vw, 630px\" \/><\/a><\/p>\n<p>S\u0142awomir Karwowski tu\u017c przed g\u0142osowaniem mia\u0142 mo\u017cliwo\u015b\u0107 z\u0142o\u017cenia wyja\u015bnie\u0144.<br \/>\nZwr\u00f3ci\u0142 uwag\u0119 na zmian\u0119 przepis\u00f3w, kt\u00f3re przeoczy\u0142.<br \/>\n\u2014 Nie ma os\u00f3b wszystko wiedz\u0105cych, do takich nale\u017c\u0119 i nie wiedzia\u0142em o nowych przepisach \u2014 t\u0142umaczy\u0142.<\/p>\n<p>S\u0142awomir Karwowski potwierdzi\u0142, \u017ce ma \u015bwiadomo\u015b\u0107, \u017ce s\u0105 osoby w radzie, kt\u00f3re ciesz\u0105 si\u0119 z tego faktu. Nie b\u0119dzie si\u0119 odwo\u0142ywa\u0142 od podj\u0119tej uchwa\u0142y rady. Wraz z wyga\u015bni\u0119ciem jego mandatu przestaje istnie\u0107 Klub Radnych, kt\u00f3rego by\u0142 cz\u0142onkiem.<\/p>\n","protected":false},"excerpt":{"rendered":"<p>W pi\u0105tek 29 grudnia, podczas XLI sesji Rady Gminy Nowa Ruda, radni jednog\u0142o\u015bnie podj\u0119li uchwa\u0142\u0119 stwierdzaj\u0105c\u0105 wyga\u015bni\u0119cie mandatu S\u0142awomira Karwowskiego.<\/p>\n","protected":false},"author":4,"featured_media":6365,"comment_status":"open","ping_status":"closed","sticky":false,"template":"","format":"standard","meta":{"om_disable_all_campaigns":false,"_monsterinsights_skip_tracking":false,"_monsterinsights_sitenote_active":false,"_monsterinsights_sitenote_note":"","_monsterinsights_sitenote_category":0,"_uf_show_specific_survey":0,"_uf_disable_surveys":false,"footnotes":""},"categories":[2,29,152],"tags":[86,155,278,1048,1992],"aioseo_notices":[],"amp_enabled":true,"_links":{"self":[{"href":"https:\/\/www.noworudzianin.pl\/WWW\/wp-json\/wp\/v2\/posts\/6364"}],"collection":[{"href":"https:\/\/www.noworudzianin.pl\/WWW\/wp-json\/wp\/v2\/posts"}],"about":[{"href":"https:\/\/www.noworudzianin.pl\/WWW\/wp-json\/wp\/v2\/types\/post"}],"author":[{"embeddable":true,"href":"https:\/\/www.noworudzianin.pl\/WWW\/wp-json\/wp\/v2\/users\/4"}],"replies":[{"embeddable":true,"href":"https:\/\/www.noworudzianin.pl\/WWW\/wp-json\/wp\/v2\/comments?post=6364"}],"version-history":[{"count":6,"href":"https:\/\/www.noworudzianin.pl\/WWW\/wp-json\/wp\/v2\/posts\/6364\/revisions"}],"predecessor-version":[{"id":6374,"href":"https:\/\/www.noworudzianin.pl\/WWW\/wp-json\/wp\/v2\/posts\/6364\/revisions\/6374"}],"wp:featuredmedia":[{"embeddable":true,"href":"https:\/\/www.noworudzianin.pl\/WWW\/wp-json\/wp\/v2\/media\/6365"}],"wp:attachment":[{"href":"https:\/\/www.noworudzianin.pl\/WWW\/wp-json\/wp\/v2\/media?parent=6364"}],"wp:term":[{"taxonomy":"category","embeddable":true,"href":"https:\/\/www.noworudzianin.pl\/WWW\/wp-json\/wp\/v2\/categories?post=6364"},{"taxonomy":"post_tag","embeddable":true,"href":"https:\/\/www.noworudzianin.pl\/WWW\/wp-json\/wp\/v2\/tags?post=6364"}],"curies":[{"name":"wp","href":"https:\/\/api.w.org\/{rel}","templated":true}]}}