{"id":7597,"date":"2018-03-29T14:52:05","date_gmt":"2018-03-29T12:52:05","guid":{"rendered":"https:\/\/www.noworudzianin.pl\/WWW\/?p=7597"},"modified":"2018-04-05T13:31:45","modified_gmt":"2018-04-05T11:31:45","slug":"budzet-malo-obywatelski","status":"publish","type":"post","link":"https:\/\/www.noworudzianin.pl\/WWW\/2018\/03\/29\/budzet-malo-obywatelski\/","title":{"rendered":"Bud\u017cet ma\u0142o obywatelski?"},"content":{"rendered":"<p>Jak na razie niewiele projekt\u00f3w z\u0142o\u017cyli noworudzianie do pierwszego bud\u017cetu obywatelskiego. W\u0142adze miasta wyd\u0142u\u017caj\u0105 termin sk\u0142adania wniosk\u00f3w<!--more-->, a\u00a0do\u00a0dyspozycji mieszka\u0144c\u00f3w Nowej Rudy jest 300 tys. z\u0142<br \/>\nNie wiadomo, co jest przyczyn\u0105 niewielkiego zainteresowania bud\u017cetem obywatelskim. Po raz pierwszy w historii miasta mieszka\u0144cy sami mog\u0105 zdecydowa\u0107 na co wyda\u0107 kilkaset tysi\u0119cy z\u0142otych. Wystarczy tylko z\u0142o\u017cy\u0107 projekt, a to zrobi\u0107 mo\u017ce ka\u017cdy noworudzianin, kt\u00f3ry uko\u0144czy\u0142 15 lat i jest zameldowany w mie\u015bcie na sta\u0142e. Propozycje, kt\u00f3re zwyci\u0119\u017c\u0105 w g\u0142osowaniu, b\u0119d\u0105 realizowane ju\u017c w 2019 r.<br \/>\n\u2013 Trudno mi jednoznacznie powiedzie\u0107, dlaczego bud\u017cet obywatelski cieszy si\u0119 tak ma\u0142ym zainteresowaniem. Mo\u017ce jest grupa os\u00f3b, kt\u00f3ra nie wie o co chodzi, a by\u0107 mo\u017ce powodem jest brak czasu, inicjatywy, czy pomys\u0142u. Nie wykluczam,  \u017ce jest trudno znale\u017a\u0107 od razu grup\u0119 os\u00f3b, kt\u00f3ra by chcia\u0142a dane przedsi\u0119wzi\u0119cie realizowa\u0107 \u2013 m\u00f3wi Tomasz Kili\u0144ski, burmistrz Nowej Rudy.<br \/>\nMo\u017ce to dziwi\u0107, bo problem\u00f3w, czy propozycji zg\u0142aszanych pracownikom urz\u0119du miasta, czy te\u017c radnym, jest naprawd\u0119 ogrom. Burmistrz ma nadziej\u0119, \u017ce wyd\u0142u\u017caj\u0105c termin sk\u0142adania wniosk\u00f3w, promuj\u0105c ten projekt jeszcze bardziej, uda si\u0119 nak\u0142oni\u0107 mieszka\u0144c\u00f3w do aktywnego udzia\u0142u.<br \/>\nW ca\u0142ym bud\u017cecie obywatelskim dla Nowej Rudy jest 300 tys. z\u0142, kt\u00f3re zosta\u0142y podzielone na dwie cz\u0119\u015bci. Pierwsza cz\u0119\u015b\u0107 zwi\u0105zana z poszczeg\u00f3lnymi dzielnicami miasta, czyli: Drogos\u0142aw \u2013 50 tys. z\u0142, Centrum \u2013 50\u00a0tys.\u00a0z\u0142, i S\u0142upiec \u2013 50 tys. z\u0142. Druga cz\u0119\u015b\u0107 bud\u017cetu, to kwota 150 tys. z\u0142 na projekty og\u00f3lnomiejskie. Tomasz Kili\u0144ski przypomina, \u017ce do bud\u017cetu obywatelskiego mo\u017cna z\u0142o\u017cy\u0107 wniosek zwi\u0105zany np. z wydarzeniami kulturalnymi typu koncert, mog\u0105 to by\u0107 projekty infrastrukturalne, czy te\u017c dotycz\u0105ce ma\u0142ej architektury, teren\u00f3w zielonych, plac\u00f3w zabaw itd.<br \/>\nCz\u0119\u015b\u0107 mieszka\u0144c\u00f3w mo\u017ce obawia\u0107 si\u0119 jednego z zapis\u00f3w w uchwale zwi\u0105zanej z \u201eBud\u017cetem obywatelskim w mie\u015bcie Nowa Ruda w 2019 roku\u201d, kt\u00f3ry m\u00f3wi, \u017ce \u201eZg\u0142aszaj\u0105cy zadanie w ramach bud\u017cetu obywatelskiego Miasta Nowa Ruda zobowi\u0105zany jest do za\u0142\u0105czenia wst\u0119pnej kalkulacji jego warto\u015bci\u201d.<br \/>\n\u2013 Mo\u017ce to stanowi\u0107 jaki\u015b problem, jednak\u017ce chcia\u0142bym zach\u0119ci\u0107 wszystkich do kontaktu z pracownikami urz\u0119du miasta, b\u0105d\u017a instytucji, kt\u00f3rzy w tym pomog\u0105. Je\u017celi chodzi na przyk\u0142ad o koncert, to powinien to by\u0107 kontakt z o\u015brodkiem kultury i pro\u015bba o oszacowanie jego koszt\u00f3w \u2013 t\u0142umaczy burmistrz. \u2013 Mowa jest o bardzo wst\u0119pnym szacunku, nie oczekujemy szczeg\u00f3\u0142owych kosztorys\u00f3w. Znam jeden z projekt\u00f3w, kt\u00f3ry jest przygotowywany i czasami jest to kwestia wykonania paru telefon\u00f3w \u2013 podsumowuje Tomasz Kili\u0144ski.<br \/>\nArkadiusz Balcerzak<\/p>\n<p align=\"center\"><span style=\"color: #0000ff;\">Str. 5 w numerze 324 tygodnika \u201eNoworudzianin\u201d dost\u0119pny w<\/span> <a href=\"https:\/\/www.noworudzianin.pl\/WWW\/archiwum\/rok-2018-numery-od-312-do-362\/\" target=\"_blank\">archiwum<\/a>.<\/p>\n<p><script language=\"JavaScript\">\n<!--\nfunction FP_swapImg() {\/\/v1.0\n var doc=document,args=arguments,elm,n; doc.$imgSwaps=new Array(); for(n=2; n<args.length;\n n+=2) { elm=FP_getObjectByID(args[n]); if(elm) { doc.$imgSwaps[doc.$imgSwaps.length]=elm;\n elm.$src=elm.src; elm.src=args[n+1]; } }\n}\nfunction FP_preloadImgs() {\/\/v1.0\n var d=document,a=arguments; if(!d.FP_imgs) d.FP_imgs=new Array();\n for(var i=0; i<a.length; i++) { d.FP_imgs[i]=new Image; d.FP_imgs[i].src=a[i]; }\n}\nfunction FP_getObjectByID(id,o) {\/\/v1.0\n var c,el,els,f,m,n; if(!o)o=document; if(o.getElementById) el=o.getElementById(id);\n else if(o.layers) c=o.layers; else if(o.all) el=o.all[id]; if(el) return el;\n if(o.id==id || o.name==id) return o; if(o.childNodes) c=o.childNodes; if(c)\n for(n=0; n<c.length; n++) { el=FP_getObjectByID(id,c[n]); if(el) return el; }\n f=o.forms; if(f) for(n=0; n<f.length; n++) { els=f[n].elements;\n for(m=0; m<els.length; m++){ el=FP_getObjectByID(id,els[n]); if(el) return el; } }\n return null;\n}\n\/\/ -->\n<\/script><br \/>\n<body onload=\"FP_preloadImgs(\/*url*\/'http:\/\/www.noworudzianin.pl\/WWW\/images\/button53.jpg', \/*url*\/'http:\/\/www.noworudzianin.pl\/WWW\/images\/button52.jpg')\"><\/p>\n<p align=\"center\">\n\t\t\t<a target=\"_blank\" href=\"http:\/\/www.noworudzianin.pl\/WWW\/images\/324_b.jpg\"><br \/>\n\t\t\t<img loading=\"lazy\" decoding=\"async\" border=\"1\" src=\"http:\/\/www.noworudzianin.pl\/WWW\/images\/324_b_small.jpg\" width=\"221\" height=\"300\"><\/a><br \/>\n\t\t\t<font face=\"Verdana\">Numer 324<br \/>\n\t\t\t<font size=\"2\">30 marca &#8211;<br \/>&#8211; 5 kwietnia 2018 r.<\/font><\/font><br \/><a title=\"pobierz e-gazet\u0119\" onclick=\"window.open('\/egazeta\/index.php?n=324','Pobierz_egazete', 'menubar=no,toolbar=no,location=no,directories=no,status=no,scrollbars=no,resizable=no,fullscreen=no,channelmode=no,width=400,height=400').focus(); return false()\"><img loading=\"lazy\" decoding=\"async\" border=\"0\" id=\"img62\" src=\"http:\/\/www.noworudzianin.pl\/WWW\/images\/button51.jpg\" height=\"30\" width=\"150\" alt=\"Pobierz tutaj (pdf)\" onmouseover=\"FP_swapImg(1,0,\/*id*\/'img62',\/*url*\/'http:\/\/www.noworudzianin.pl\/WWW\/images\/button52.jpg')\" onmouseout=\"FP_swapImg(0,0,\/*id*\/'img62',\/*url*\/'http:\/\/www.noworudzianin.pl\/WWW\/images\/button51.jpg')\" onmousedown=\"FP_swapImg(1,0,\/*id*\/'img62',\/*url*\/'http:\/\/www.noworudzianin.pl\/WWW\/images\/button53.jpg')\" onmouseup=\"FP_swapImg(0,0,\/*id*\/'img62',\/*url*\/'http:\/\/www.noworudzianin.pl\/WWW\/images\/button52.jpg')\" fp-style=\"fp-btn: Glass Rectangle 1; fp-font-size: 12; fp-orig: 0\" fp-title=\"Pobierz tutaj (pdf)\"><\/a><\/p>\n","protected":false},"excerpt":{"rendered":"<p>Jak na razie niewiele projekt\u00f3w z\u0142o\u017cyli noworudzianie do pierwszego bud\u017cetu obywatelskiego. W\u0142adze miasta wyd\u0142u\u017caj\u0105 termin sk\u0142adania wniosk\u00f3w<\/p>\n","protected":false},"author":4,"featured_media":7632,"comment_status":"open","ping_status":"closed","sticky":false,"template":"","format":"standard","meta":{"om_disable_all_campaigns":false,"_monsterinsights_skip_tracking":false,"_monsterinsights_sitenote_active":false,"_monsterinsights_sitenote_note":"","_monsterinsights_sitenote_category":0,"_uf_show_specific_survey":0,"_uf_disable_surveys":false,"footnotes":""},"categories":[2,6],"tags":[2323,2324,20,5,2316,462],"aioseo_notices":[],"amp_enabled":true,"_links":{"self":[{"href":"https:\/\/www.noworudzianin.pl\/WWW\/wp-json\/wp\/v2\/posts\/7597"}],"collection":[{"href":"https:\/\/www.noworudzianin.pl\/WWW\/wp-json\/wp\/v2\/posts"}],"about":[{"href":"https:\/\/www.noworudzianin.pl\/WWW\/wp-json\/wp\/v2\/types\/post"}],"author":[{"embeddable":true,"href":"https:\/\/www.noworudzianin.pl\/WWW\/wp-json\/wp\/v2\/users\/4"}],"replies":[{"embeddable":true,"href":"https:\/\/www.noworudzianin.pl\/WWW\/wp-json\/wp\/v2\/comments?post=7597"}],"version-history":[{"count":3,"href":"https:\/\/www.noworudzianin.pl\/WWW\/wp-json\/wp\/v2\/posts\/7597\/revisions"}],"predecessor-version":[{"id":7688,"href":"https:\/\/www.noworudzianin.pl\/WWW\/wp-json\/wp\/v2\/posts\/7597\/revisions\/7688"}],"wp:featuredmedia":[{"embeddable":true,"href":"https:\/\/www.noworudzianin.pl\/WWW\/wp-json\/wp\/v2\/media\/7632"}],"wp:attachment":[{"href":"https:\/\/www.noworudzianin.pl\/WWW\/wp-json\/wp\/v2\/media?parent=7597"}],"wp:term":[{"taxonomy":"category","embeddable":true,"href":"https:\/\/www.noworudzianin.pl\/WWW\/wp-json\/wp\/v2\/categories?post=7597"},{"taxonomy":"post_tag","embeddable":true,"href":"https:\/\/www.noworudzianin.pl\/WWW\/wp-json\/wp\/v2\/tags?post=7597"}],"curies":[{"name":"wp","href":"https:\/\/api.w.org\/{rel}","templated":true}]}}