{"id":7781,"date":"2018-04-09T08:50:43","date_gmt":"2018-04-09T06:50:43","guid":{"rendered":"https:\/\/www.noworudzianin.pl\/WWW\/?p=7781"},"modified":"2018-04-09T08:52:55","modified_gmt":"2018-04-09T06:52:55","slug":"maciej-malenczuk-z-solowym-koncertem-w-zabkowicach-slaskich","status":"publish","type":"post","link":"https:\/\/www.noworudzianin.pl\/WWW\/2018\/04\/09\/maciej-malenczuk-z-solowym-koncertem-w-zabkowicach-slaskich\/","title":{"rendered":"Maciej Male\u0144czuk z solowym koncertem w Z\u0105bkowicach \u015al\u0105skich"},"content":{"rendered":"<p><strong><a href=\"https:\/\/www.noworudzianin.pl\/WWW\/wp-content\/uploads\/2018\/04\/Za\u0142\u0105cznik-bez-tytu\u0142u-00436.jpg\"><img loading=\"lazy\" decoding=\"async\" class=\"alignnone size-large wp-image-7783\" src=\"https:\/\/www.noworudzianin.pl\/WWW\/wp-content\/uploads\/2018\/04\/Za\u0142\u0105cznik-bez-tytu\u0142u-00436-630x420.jpg\" alt=\"\" width=\"630\" height=\"420\" srcset=\"https:\/\/www.noworudzianin.pl\/WWW\/wp-content\/uploads\/2018\/04\/Za\u0142\u0105cznik-bez-tytu\u0142u-00436-630x420.jpg 630w, https:\/\/www.noworudzianin.pl\/WWW\/wp-content\/uploads\/2018\/04\/Za\u0142\u0105cznik-bez-tytu\u0142u-00436-300x200.jpg 300w, https:\/\/www.noworudzianin.pl\/WWW\/wp-content\/uploads\/2018\/04\/Za\u0142\u0105cznik-bez-tytu\u0142u-00436-768x512.jpg 768w, https:\/\/www.noworudzianin.pl\/WWW\/wp-content\/uploads\/2018\/04\/Za\u0142\u0105cznik-bez-tytu\u0142u-00436.jpg 900w\" sizes=\"(max-width: 630px) 100vw, 630px\" \/><\/a><br \/>\nMaciej Male\u0144czuk, artysta nieobliczalny, zabierze swoich fan\u00f3w w podr\u00f3\u017c do korzeni, czyli mocnego, szorstkiego i minimalistycznego grania<!--more-->. Tym samym muzyk przypomni histori\u0119, kt\u00f3ra ukszta\u0142towa\u0142a jego artystyczn\u0105 posta\u0107, a kt\u00f3rej pocz\u0105tki stanowi\u0142y solowe wyst\u0119py na ulicach Krakowa. Nie zabraknie takich utwor\u00f3w jak: \u201eOstatnia nocka\u201d, \u201eTango libido\u201d, \u201eS\u0142ugi za szlugi\u201d, \u201eDawna dziewczyno\u201d czy \u201eSynu\u201d.<\/strong><\/p>\n<p>O autentyczno\u015bci przekazu artysty zawsze stanowi\u0142a bezkompromisowo\u015b\u0107. Nie inaczej b\u0119dzie i tym razem: przep\u0142ywu szczerych emocji mi\u0119dzy wykonawc\u0105 i s\u0142uchaczami nie zm\u0105c\u0105 \u017cadne pochodz\u0105ce z obcych \u017ar\u00f3de\u0142 d\u017awi\u0119ki, a ca\u0142\u0105 istot\u0119 bezpo\u015bredniego obcowania zapowiadaj\u0105 s\u0142owa, jakie Maciej Male\u0144czuk kieruje do swojej publiczno\u015bci: \u201eSt\u0119sknionych za barw\u0105 mojego g\u0142osu \u2013 doceniaj\u0105cych pi\u0119kno i si\u0142\u0119 moich tekst\u00f3w, zapraszam na koncerty solowe firmowane tytu\u0142em Pan Male\u0144czuk. Rozwijaj\u0105c si\u0119 jako artysta \u017cyczy\u0142bym sobie by moje fanki i fani rozwijali si\u0119 razem ze mn\u0105, a jak komu\u015b si\u0119 nie podoba, to niech wypieprza z sali\u201d.<\/p>\n<p><strong>Zapraszamy na solowy koncert Macieja Male\u0144czuka:<\/strong><\/p>\n<h2 style=\"text-align: center;\"><span style=\"color: #0000ff;\"><strong>12 maja 2018 r. (sobota), godz. 19:00,<br \/>\nZ\u0105bkowicki O\u015brodek Kultury (Rynek 24)<br \/>\n<span style=\"color: #ff0000;\">Z\u0105bkowice \u015al\u0105skie<\/span><\/strong><\/span><\/h2>\n<p><strong>Bilety na wydarzenie w cenie:<\/strong><br \/>\n90 z\u0142 mo\u017cna naby\u0107 w kasie Z\u0105bkowickiego O\u015brodka Kultury (tel. 74 815 28 96) oraz w Internecie na portalu <a href=\"http:\/\/kupbilecik.pl\" target=\"_blank\" rel=\"noopener\">kupbilecik.pl<\/a>.<\/p>\n<p>Zam\u00f3wienia grupowe oraz zapytania dotycz\u0105ce innych informacji zwi\u0105zanych z wydarzeniem prosimy kierowa\u0107 do organizatora: Agencja Artystyczna Monolit: +48 660 860 777, <a href=\"http:\/\/www.monolitart.com.pl\" target=\"_blank\" rel=\"noopener\">www.monolitart.com.pl<\/a>, <a href=\"mailto:biuro@monolitart.com.pl\" target=\"_blank\" rel=\"noopener\">biuro@monolitart.com.pl<\/a>. Wsp\u00f3\u0142praca z mediami: <a href=\"mailto:press@monolitart.com.pl\" target=\"_blank\" rel=\"noopener\">press@monolitart.com.pl<\/a>.<\/p>\n<p><iframe loading=\"lazy\" src=\"https:\/\/www.youtube.com\/embed\/z-2mO3KTVHg\" width=\"560\" height=\"315\" frameborder=\"0\" allowfullscreen=\"allowfullscreen\"><\/iframe><\/p>\n<p><strong>Maciej Male\u0144czuk<\/strong> \u2013 urodzi\u0142 si\u0119 14 sierpnia 1961 roku w Wojcieszowie. Polski wokalista i gitarzysta rockowy, poeta, a tak\u017ce osobowo\u015b\u0107 telewizyjna. We wczesnej fazie swojej tw\u00f3rczo\u015bci artysta by\u0142 okre\u015blany mianem \u201ebarda Krakowa\u201d. Jest uwa\u017cany za jednego z najbardziej awangardowych i kontrowersyjnych polskich artyst\u00f3w muzycznych. Maciej Male\u0144czuk nagrywa i wyst\u0119puje solo, jak r\u00f3wnie\u017c z zespo\u0142ami P\u00fcdelsi, Homo Twist oraz Psychodancing. Ma na koncie trzyna\u015bcie album\u00f3w studyjnych. Wsp\u00f3\u0142pracowa\u0142 m.in. z takimi artystami jak: Voo Voo, Rei Ceballo, Vera Bila, Krzysztof Krawczyk, Ma\u0142gorzata Krzysica, Made In Poland, Behemoth, Wu-Hae, Big Cyc czy 5th Element. W 2011 r. zosta\u0142 odznaczony Br\u0105zowym Medalem Zas\u0142u\u017cony Kulturze Gloria Artis.<\/p>\n<p><a href=\"https:\/\/www.noworudzianin.pl\/WWW\/wp-content\/uploads\/2018\/04\/Za\u0142\u0105cznik-bez-tytu\u0142u-00433.jpg\"><img loading=\"lazy\" decoding=\"async\" class=\"alignnone size-full wp-image-7784\" src=\"https:\/\/www.noworudzianin.pl\/WWW\/wp-content\/uploads\/2018\/04\/Za\u0142\u0105cznik-bez-tytu\u0142u-00433.jpg\" alt=\"\" width=\"600\" height=\"900\" srcset=\"https:\/\/www.noworudzianin.pl\/WWW\/wp-content\/uploads\/2018\/04\/Za\u0142\u0105cznik-bez-tytu\u0142u-00433.jpg 600w, https:\/\/www.noworudzianin.pl\/WWW\/wp-content\/uploads\/2018\/04\/Za\u0142\u0105cznik-bez-tytu\u0142u-00433-200x300.jpg 200w\" sizes=\"(max-width: 600px) 100vw, 600px\" \/><\/a><\/p>\n<p><span style=\"color: #ff0000;\"><strong>UWAGA:<\/strong> DO ROZDANIA MAMY PODW\u00d3JNE ZAPROSZENIA NA KONCERT!<\/span><br \/>\nSzczeg\u00f3\u0142y tutaj: <a href=\"https:\/\/www.facebook.com\/events\/1859797877651610\/\" target=\"_blank\">www.facebook.com\/events\/1859797877651610\/<\/a><\/p>\n<p><a href=\"https:\/\/www.noworudzianin.pl\/WWW\/wp-content\/uploads\/2018\/04\/malenczuk.jpg\"><img loading=\"lazy\" decoding=\"async\" class=\"alignnone size-large wp-image-7785\" src=\"https:\/\/www.noworudzianin.pl\/WWW\/wp-content\/uploads\/2018\/04\/malenczuk-630x884.jpg\" alt=\"\" width=\"630\" height=\"884\" srcset=\"https:\/\/www.noworudzianin.pl\/WWW\/wp-content\/uploads\/2018\/04\/malenczuk-630x884.jpg 630w, https:\/\/www.noworudzianin.pl\/WWW\/wp-content\/uploads\/2018\/04\/malenczuk-214x300.jpg 214w, https:\/\/www.noworudzianin.pl\/WWW\/wp-content\/uploads\/2018\/04\/malenczuk-768x1077.jpg 768w\" sizes=\"(max-width: 630px) 100vw, 630px\" \/><\/a><\/p>\n","protected":false},"excerpt":{"rendered":"<p>Maciej Male\u0144czuk, artysta nieobliczalny, zabierze swoich fan\u00f3w w podr\u00f3\u017c do korzeni, czyli mocnego, szorstkiego i minimalistycznego grania<\/p>\n","protected":false},"author":4,"featured_media":7787,"comment_status":"open","ping_status":"closed","sticky":false,"template":"","format":"standard","meta":{"om_disable_all_campaigns":false,"_monsterinsights_skip_tracking":false,"_monsterinsights_sitenote_active":false,"_monsterinsights_sitenote_note":"","_monsterinsights_sitenote_category":0,"_uf_show_specific_survey":0,"_uf_disable_surveys":false,"footnotes":""},"categories":[2,234,2382,30],"tags":[2384,2383,2385],"aioseo_notices":[],"amp_enabled":true,"_links":{"self":[{"href":"https:\/\/www.noworudzianin.pl\/WWW\/wp-json\/wp\/v2\/posts\/7781"}],"collection":[{"href":"https:\/\/www.noworudzianin.pl\/WWW\/wp-json\/wp\/v2\/posts"}],"about":[{"href":"https:\/\/www.noworudzianin.pl\/WWW\/wp-json\/wp\/v2\/types\/post"}],"author":[{"embeddable":true,"href":"https:\/\/www.noworudzianin.pl\/WWW\/wp-json\/wp\/v2\/users\/4"}],"replies":[{"embeddable":true,"href":"https:\/\/www.noworudzianin.pl\/WWW\/wp-json\/wp\/v2\/comments?post=7781"}],"version-history":[{"count":4,"href":"https:\/\/www.noworudzianin.pl\/WWW\/wp-json\/wp\/v2\/posts\/7781\/revisions"}],"predecessor-version":[{"id":7791,"href":"https:\/\/www.noworudzianin.pl\/WWW\/wp-json\/wp\/v2\/posts\/7781\/revisions\/7791"}],"wp:featuredmedia":[{"embeddable":true,"href":"https:\/\/www.noworudzianin.pl\/WWW\/wp-json\/wp\/v2\/media\/7787"}],"wp:attachment":[{"href":"https:\/\/www.noworudzianin.pl\/WWW\/wp-json\/wp\/v2\/media?parent=7781"}],"wp:term":[{"taxonomy":"category","embeddable":true,"href":"https:\/\/www.noworudzianin.pl\/WWW\/wp-json\/wp\/v2\/categories?post=7781"},{"taxonomy":"post_tag","embeddable":true,"href":"https:\/\/www.noworudzianin.pl\/WWW\/wp-json\/wp\/v2\/tags?post=7781"}],"curies":[{"name":"wp","href":"https:\/\/api.w.org\/{rel}","templated":true}]}}