{"id":8142,"date":"2018-04-19T14:25:05","date_gmt":"2018-04-19T12:25:05","guid":{"rendered":"https:\/\/www.noworudzianin.pl\/WWW\/?p=8142"},"modified":"2018-04-19T15:39:39","modified_gmt":"2018-04-19T13:39:39","slug":"gmina-wciaz-czeka","status":"publish","type":"post","link":"https:\/\/www.noworudzianin.pl\/WWW\/2018\/04\/19\/gmina-wciaz-czeka\/","title":{"rendered":"Gmina wci\u0105\u017c czeka"},"content":{"rendered":"<p>Nadal nierozstrzygni\u0119ta jest kwestia przekazania budynku po by\u0142ym s\u0105dzie przy ul.\u00a0Niepodleg\u0142o\u015bci 2, w\u0142adzom gminy wiejskiej Nowa Ruda<!--more-->. Tam maj\u0105 by\u0107 przeniesione biura z budynku, w kt\u00f3rym mie\u015bci si\u0119 poczta, a kt\u00f3rego w\u0142a\u015bcicielem jest sp\u00f3\u0142ka Orange<\/p>\n<p>Pierwszy raz o\u00a0mo\u017cliwo\u015bci przeniesienia urz\u0119du gminy, w\u00f3jt Adrianna Mierzejewska m\u00f3wi\u0142a podczas sesji pod koniec 2016 r. Jak wtedy zapowiada\u0142a, nie stanie si\u0119 to wcze\u015bniej ni\u017c przed 1 kwietnia 2017 r. Budynek przy ul. Niepodleg\u0142o\u015bci 2 do 1 stycznia 2018 r. u\u017cytkowany by\u0142 przez VII Zamiejscowy Wydzia\u0142 Ksi\u0105g Wieczystych, kt\u00f3ry decyzj\u0105 ministra sprawiedliwo\u015bci zosta\u0142 przeniesiony do K\u0142odzka. Budynek nale\u017c\u0105cy do Skarbu Pa\u0144stwa jeszcze na pocz\u0105tku 2018 r. by\u0142 w\u00a0zarz\u0105dzaniu Ministerstwa Sprawiedliwo\u015bci. Gmina Nowa Ruda wyst\u0105pi\u0142a o\u00a0jego komunalizacj\u0119. Po przekazaniu go do Skarbu Pa\u0144stwa, zarz\u0105dzaniem zaj\u0105\u0142 si\u0119 starosta, ale decyzj\u0119 o\u00a0jego skomunalizowaniu, po zasi\u0119gni\u0119ciu opinii starosty, podejmuje wojewoda dolno\u015bl\u0105ski.<br \/>\n\u2013 Budynek po by\u0142ym s\u0105dzie jest w\u0142a\u015bciwie nieu\u017cytkowany. S\u0105d go nie potrzebuje, ministerstwo sprawiedliwo\u015bci te\u017c i\u00a0jest zgoda, aby gmina go otrzyma\u0142a \u2013 m\u00f3wi Adrianna Mierzejewska, w\u00f3jt gminy Nowa Ruda. \u2013 Czekamy tylko na pismo z\u00a0ministerstwa, kt\u00f3re wp\u0142ynie do S\u0105du Rejonowego w\u00a0K\u0142odzku. Pismo to, pani prezes przeka\u017ce panu staro\u015bcie k\u0142odzkiemu i\u00a0wtedy starosta wygasi trwa\u0142y zarz\u0105d \u2013 m\u00f3wi Adrianna Mierzejewska, w\u00f3jt gminy Nowa Ruda.<br \/>\nDecyzja o\u00a0przenosinach urz\u0119du gminy do budynku przy ul. Niepodleg\u0142o\u015bci 2 w\u00a0Nowej Rudzie jest w\u00a0pe\u0142ni uzasadniona ekonomicznie. W\u0142a\u015bciciel budynku przy ul. Niepodleg\u0142o\u015bci 1, gdzie mie\u015bci si\u0119 cz\u0119\u015b\u0107 biur urz\u0119du, podni\u00f3s\u0142 stawk\u0119 czynszu. Teraz gmina za wynajmowane pomieszczenia p\u0142aci 11.642,76 z\u0142, w\u00a0tym czynsz 5.717,54 z\u0142. Przed podwy\u017ck\u0105 by\u0142o to odpowiednio 11.530,65 z\u0142, w\u00a0tym czynsz 5.605,43 z\u0142.<br \/>\n\u2013 Czekam na zgod\u0119 s\u0105du, kt\u00f3ry obecnie poszukuje pomieszcze\u0144, gdzie m\u00f3g\u0142by przenie\u015b\u0107 O\u015brodek Kuratorski Nr 1, mieszcz\u0105cy si\u0119 w\u00a0budynku, o\u00a0kt\u00f3rym mowa \u2013 wyja\u015bnia Maciej Awi\u017ae\u0144, starosta k\u0142odzki. \u2013 Z\u00a0tego co wiem, opr\u00f3cz rozm\u00f3w z\u00a0nami, s\u0105d prowadzi te\u017c rozmowy z\u00a0gmin\u0105 miejsk\u0105 i\u00a0z\u00a0gmin\u0105 wiejsk\u0105 Nowa Ruda, na temat znalezienia odpowiedniego lokum dla kurator\u00f3w s\u0105dowych \u2013 dodaje.<br \/>\nArkadiusz Balcerzak<\/p>\n<p><a href=\"https:\/\/www.noworudzianin.pl\/WWW\/wp-content\/uploads\/2018\/04\/IMG_6379.jpg\"><img loading=\"lazy\" decoding=\"async\" src=\"https:\/\/www.noworudzianin.pl\/WWW\/wp-content\/uploads\/2018\/04\/IMG_6379-630x420.jpg\" alt=\"\" width=\"630\" height=\"420\" class=\"alignnone size-large wp-image-8153\" srcset=\"https:\/\/www.noworudzianin.pl\/WWW\/wp-content\/uploads\/2018\/04\/IMG_6379-630x420.jpg 630w, https:\/\/www.noworudzianin.pl\/WWW\/wp-content\/uploads\/2018\/04\/IMG_6379-300x200.jpg 300w, https:\/\/www.noworudzianin.pl\/WWW\/wp-content\/uploads\/2018\/04\/IMG_6379-768x512.jpg 768w\" sizes=\"(max-width: 630px) 100vw, 630px\" \/><\/a><\/p>\n<p align=\"center\"><span style=\"color: #0000ff;\">Str. 3 w numerze 327 tygodnika \u201eNoworudzianin\u201d dost\u0119pny w<\/span> <a href=\"https:\/\/www.noworudzianin.pl\/WWW\/archiwum\/rok-2018-numery-od-312-do-362\/\" target=\"_blank\">archiwum<\/a>.<\/p>\n<p><script language=\"JavaScript\">\n<!--\nfunction FP_swapImg() {\/\/v1.0\n var doc=document,args=arguments,elm,n; doc.$imgSwaps=new Array(); for(n=2; n<args.length;\n n+=2) { elm=FP_getObjectByID(args[n]); if(elm) { doc.$imgSwaps[doc.$imgSwaps.length]=elm;\n elm.$src=elm.src; elm.src=args[n+1]; } }\n}\nfunction FP_preloadImgs() {\/\/v1.0\n var d=document,a=arguments; if(!d.FP_imgs) d.FP_imgs=new Array();\n for(var i=0; i<a.length; i++) { d.FP_imgs[i]=new Image; d.FP_imgs[i].src=a[i]; }\n}\nfunction FP_getObjectByID(id,o) {\/\/v1.0\n var c,el,els,f,m,n; if(!o)o=document; if(o.getElementById) el=o.getElementById(id);\n else if(o.layers) c=o.layers; else if(o.all) el=o.all[id]; if(el) return el;\n if(o.id==id || o.name==id) return o; if(o.childNodes) c=o.childNodes; if(c)\n for(n=0; n<c.length; n++) { el=FP_getObjectByID(id,c[n]); if(el) return el; }\n f=o.forms; if(f) for(n=0; n<f.length; n++) { els=f[n].elements;\n for(m=0; m<els.length; m++){ el=FP_getObjectByID(id,els[n]); if(el) return el; } }\n return null;\n}\n\/\/ -->\n<\/script><br \/>\n<body onload=\"FP_preloadImgs(\/*url*\/'http:\/\/www.noworudzianin.pl\/WWW\/images\/button53.jpg', \/*url*\/'http:\/\/www.noworudzianin.pl\/WWW\/images\/button52.jpg')\"><\/p>\n<p align=\"center\">\n\t\t\t<a target=\"_blank\" href=\"http:\/\/www.noworudzianin.pl\/WWW\/images\/327_b.jpg\"><br \/>\n\t\t\t<img loading=\"lazy\" decoding=\"async\" border=\"1\" src=\"http:\/\/www.noworudzianin.pl\/WWW\/images\/327_b_small.jpg\" width=\"221\" height=\"300\"><\/a><br \/>\n\t\t\t<font face=\"Verdana\">Numer 327<br \/>\n\t\t\t<font size=\"2\">20-26 kwietnia 2018 r.<\/font><\/font><br \/><a title=\"pobierz e-gazet\u0119\" onclick=\"window.open('\/egazeta\/index.php?n=327','Pobierz_egazete', 'menubar=no,toolbar=no,location=no,directories=no,status=no,scrollbars=no,resizable=no,fullscreen=no,channelmode=no,width=400,height=400').focus(); return false()\"><img loading=\"lazy\" decoding=\"async\" border=\"0\" id=\"img62\" src=\"http:\/\/www.noworudzianin.pl\/WWW\/images\/button51.jpg\" height=\"30\" width=\"150\" alt=\"Pobierz tutaj (pdf)\" onmouseover=\"FP_swapImg(1,0,\/*id*\/'img62',\/*url*\/'http:\/\/www.noworudzianin.pl\/WWW\/images\/button52.jpg')\" onmouseout=\"FP_swapImg(0,0,\/*id*\/'img62',\/*url*\/'http:\/\/www.noworudzianin.pl\/WWW\/images\/button51.jpg')\" onmousedown=\"FP_swapImg(1,0,\/*id*\/'img62',\/*url*\/'http:\/\/www.noworudzianin.pl\/WWW\/images\/button53.jpg')\" onmouseup=\"FP_swapImg(0,0,\/*id*\/'img62',\/*url*\/'http:\/\/www.noworudzianin.pl\/WWW\/images\/button52.jpg')\" fp-style=\"fp-btn: Glass Rectangle 1; fp-font-size: 12; fp-orig: 0\" fp-title=\"Pobierz tutaj (pdf)\"><\/a><\/p>\n","protected":false},"excerpt":{"rendered":"<p>Nadal nierozstrzygni\u0119ta jest kwestia przekazania budynku po by\u0142ym s\u0105dzie przy ul.\u00a0Niepodleg\u0142o\u015bci 2, w\u0142adzom gminy wiejskiej Nowa Ruda<\/p>\n","protected":false},"author":4,"featured_media":8152,"comment_status":"open","ping_status":"closed","sticky":false,"template":"","format":"standard","meta":{"om_disable_all_campaigns":false,"_monsterinsights_skip_tracking":false,"_monsterinsights_sitenote_active":false,"_monsterinsights_sitenote_note":"","_monsterinsights_sitenote_category":0,"_uf_show_specific_survey":0,"_uf_disable_surveys":false,"footnotes":""},"categories":[2,29,426,2076],"tags":[552,2275,2440,1017,20,2420,1861],"aioseo_notices":[],"amp_enabled":true,"_links":{"self":[{"href":"https:\/\/www.noworudzianin.pl\/WWW\/wp-json\/wp\/v2\/posts\/8142"}],"collection":[{"href":"https:\/\/www.noworudzianin.pl\/WWW\/wp-json\/wp\/v2\/posts"}],"about":[{"href":"https:\/\/www.noworudzianin.pl\/WWW\/wp-json\/wp\/v2\/types\/post"}],"author":[{"embeddable":true,"href":"https:\/\/www.noworudzianin.pl\/WWW\/wp-json\/wp\/v2\/users\/4"}],"replies":[{"embeddable":true,"href":"https:\/\/www.noworudzianin.pl\/WWW\/wp-json\/wp\/v2\/comments?post=8142"}],"version-history":[{"count":3,"href":"https:\/\/www.noworudzianin.pl\/WWW\/wp-json\/wp\/v2\/posts\/8142\/revisions"}],"predecessor-version":[{"id":8173,"href":"https:\/\/www.noworudzianin.pl\/WWW\/wp-json\/wp\/v2\/posts\/8142\/revisions\/8173"}],"wp:featuredmedia":[{"embeddable":true,"href":"https:\/\/www.noworudzianin.pl\/WWW\/wp-json\/wp\/v2\/media\/8152"}],"wp:attachment":[{"href":"https:\/\/www.noworudzianin.pl\/WWW\/wp-json\/wp\/v2\/media?parent=8142"}],"wp:term":[{"taxonomy":"category","embeddable":true,"href":"https:\/\/www.noworudzianin.pl\/WWW\/wp-json\/wp\/v2\/categories?post=8142"},{"taxonomy":"post_tag","embeddable":true,"href":"https:\/\/www.noworudzianin.pl\/WWW\/wp-json\/wp\/v2\/tags?post=8142"}],"curies":[{"name":"wp","href":"https:\/\/api.w.org\/{rel}","templated":true}]}}