{"id":8184,"date":"2018-04-26T15:31:03","date_gmt":"2018-04-26T13:31:03","guid":{"rendered":"https:\/\/www.noworudzianin.pl\/WWW\/?p=8184"},"modified":"2018-04-26T15:31:44","modified_gmt":"2018-04-26T13:31:44","slug":"kwiatki-pod-debem","status":"publish","type":"post","link":"https:\/\/www.noworudzianin.pl\/WWW\/2018\/04\/26\/kwiatki-pod-debem\/","title":{"rendered":"Kwiatki \u201ePod D\u0119bem\u201d"},"content":{"rendered":"<p>W czwartek 19 kwietnia otwarto oficjalnie plac zabaw \u201ePod D\u0119bem\u201d przy ul. Olimpijskiej w Jugowie. kt\u00f3ry przeszed\u0142 remont<!--more-->: zainstalowano nowe urz\u0105dzenia dla dzieci, wysypano now\u0105 nawierzchni\u0119 na cz\u0119\u015bci placu. Koszt ponad 50 tysi\u0119cy z\u0142 \u2013 sfinansowano z bud\u017cetu gminy Nowa Ruda. Na otwarcie przyby\u0142o 25 dzieci i doros\u0142ych ze \u015bwietlicy przy Stowarzyszeniu Przyjaci\u00f3\u0142 Jugowa.<\/p>\n<p>Doro\u015bli przekopali kawa\u0142ek trawnika, wysypano ziemi\u0119 do kwiat\u00f3w, a dzieci \u2013 po zaopatrzeniu si\u0119 w r\u0119kawiczki ogrodowe, kt\u00f3re SPJ otrzyma\u0142o ju\u017c rok temu od firmy FISKARS \u2013 samodzielnie sadzi\u0142y kolorowe bratki, kt\u00f3re upi\u0119kszy\u0142y to miejsce. Adrianna Mierzejewska, w\u00f3jt gminy Nowa Ruda, zakupi\u0142a ich 100 szt. \u2013 na 100-lecie Niepodleg\u0142o\u015bci Polski.<\/p>\n<p>Dzieci i doro\u015bli wolontariusze dostali tak\u017ce bawe\u0142niane, ekologiczne torby, kt\u00f3re podarowano z urz\u0119du gminy Nowa Ruda. Od w\u00f3jt dzieci otrzyma\u0142y lody. Po wykonanej pracy, kt\u00f3ra przynios\u0142a wiele rado\u015bci, sp\u0119dzi\u0142y tam jeszcze sporo czasu korzystaj\u0105c z wszystkich atrakcji placu zabaw \u201ePod D\u0119bem\u201d.<br \/>\nStowarzyszenie Przyjaci\u00f3\u0142 Jugowa dzi\u0119kuje za czynny udzia\u0142 w ca\u0142ej akcji: Adriannie Mierzejewskiej, w\u00f3jt gminy Nowa Ruda, Agnieszce Burnos, El\u017cbiecie K\u0142ysz, Paulinie Kostrzewskiej, Izabeli Kuniczuk, Monice Machniewicz, Agnieszce Matulewicz, Karolinie Rudnickiej, Joannie Szymczak. Marzenie Oleksy-Sarysz, Marcinowi Antosikowi, Zbigniewowi Babiakowi, Tomaszowi Banasiowi, Przemkowi Burnos, a tak\u017ce Ryszardowi Czerewatemu za podarowanie i posadzenie krzew\u00f3w ozdobnych oraz Dawidowi Saryszowi za fotorelacj\u0119.<\/p>\n<p><a href=\"https:\/\/www.noworudzianin.pl\/WWW\/wp-content\/uploads\/2018\/04\/DSC_3192.jpg\"><img loading=\"lazy\" decoding=\"async\" src=\"https:\/\/www.noworudzianin.pl\/WWW\/wp-content\/uploads\/2018\/04\/DSC_3192-630x420.jpg\" alt=\"\" width=\"630\" height=\"420\" class=\"alignnone size-large wp-image-8207\" srcset=\"https:\/\/www.noworudzianin.pl\/WWW\/wp-content\/uploads\/2018\/04\/DSC_3192-630x420.jpg 630w, https:\/\/www.noworudzianin.pl\/WWW\/wp-content\/uploads\/2018\/04\/DSC_3192-300x200.jpg 300w, https:\/\/www.noworudzianin.pl\/WWW\/wp-content\/uploads\/2018\/04\/DSC_3192-768x512.jpg 768w\" sizes=\"(max-width: 630px) 100vw, 630px\" \/><\/a><\/p>\n<p align=\"center\"><span style=\"color: #0000ff;\">Str. 6 w numerze 328 tygodnika \u201eNoworudzianin\u201d dost\u0119pny w<\/span> <a href=\"https:\/\/www.noworudzianin.pl\/WWW\/archiwum\/rok-2018-numery-od-312-do-362\/\" target=\"_blank\">archiwum<\/a>.<\/p>\n<p><script language=\"JavaScript\">\n<!--\nfunction FP_swapImg() {\/\/v1.0\n var doc=document,args=arguments,elm,n; doc.$imgSwaps=new Array(); for(n=2; n<args.length;\n n+=2) { elm=FP_getObjectByID(args[n]); if(elm) { doc.$imgSwaps[doc.$imgSwaps.length]=elm;\n elm.$src=elm.src; elm.src=args[n+1]; } }\n}\nfunction FP_preloadImgs() {\/\/v1.0\n var d=document,a=arguments; if(!d.FP_imgs) d.FP_imgs=new Array();\n for(var i=0; i<a.length; i++) { d.FP_imgs[i]=new Image; d.FP_imgs[i].src=a[i]; }\n}\nfunction FP_getObjectByID(id,o) {\/\/v1.0\n var c,el,els,f,m,n; if(!o)o=document; if(o.getElementById) el=o.getElementById(id);\n else if(o.layers) c=o.layers; else if(o.all) el=o.all[id]; if(el) return el;\n if(o.id==id || o.name==id) return o; if(o.childNodes) c=o.childNodes; if(c)\n for(n=0; n<c.length; n++) { el=FP_getObjectByID(id,c[n]); if(el) return el; }\n f=o.forms; if(f) for(n=0; n<f.length; n++) { els=f[n].elements;\n for(m=0; m<els.length; m++){ el=FP_getObjectByID(id,els[n]); if(el) return el; } }\n return null;\n}\n\/\/ -->\n<\/script><br \/>\n<body onload=\"FP_preloadImgs(\/*url*\/'http:\/\/www.noworudzianin.pl\/WWW\/images\/button53.jpg', \/*url*\/'http:\/\/www.noworudzianin.pl\/WWW\/images\/button52.jpg')\"><\/p>\n<p align=\"center\">\n\t\t\t<a target=\"_blank\" href=\"http:\/\/www.noworudzianin.pl\/WWW\/images\/328_b.jpg\"><br \/>\n\t\t\t<img loading=\"lazy\" decoding=\"async\" border=\"1\" src=\"http:\/\/www.noworudzianin.pl\/WWW\/images\/328_b_small.jpg\" width=\"221\" height=\"300\"><\/a><br \/>\n\t\t\t<font face=\"Verdana\">Numer 328<br \/>\n\t\t\t<font size=\"2\">27 kwietnia &#8211; 10 maja 2018 r.<\/font><\/font><br \/><a title=\"pobierz e-gazet\u0119\" onclick=\"window.open('\/egazeta\/index.php?n=328','Pobierz_egazete', 'menubar=no,toolbar=no,location=no,directories=no,status=no,scrollbars=no,resizable=no,fullscreen=no,channelmode=no,width=400,height=400').focus(); return false()\"><img loading=\"lazy\" decoding=\"async\" border=\"0\" id=\"img62\" src=\"http:\/\/www.noworudzianin.pl\/WWW\/images\/button51.jpg\" height=\"30\" width=\"150\" alt=\"Pobierz tutaj (pdf)\" onmouseover=\"FP_swapImg(1,0,\/*id*\/'img62',\/*url*\/'http:\/\/www.noworudzianin.pl\/WWW\/images\/button52.jpg')\" onmouseout=\"FP_swapImg(0,0,\/*id*\/'img62',\/*url*\/'http:\/\/www.noworudzianin.pl\/WWW\/images\/button51.jpg')\" onmousedown=\"FP_swapImg(1,0,\/*id*\/'img62',\/*url*\/'http:\/\/www.noworudzianin.pl\/WWW\/images\/button53.jpg')\" onmouseup=\"FP_swapImg(0,0,\/*id*\/'img62',\/*url*\/'http:\/\/www.noworudzianin.pl\/WWW\/images\/button52.jpg')\" fp-style=\"fp-btn: Glass Rectangle 1; fp-font-size: 12; fp-orig: 0\" fp-title=\"Pobierz tutaj (pdf)\"><\/a><\/p>\n","protected":false},"excerpt":{"rendered":"<p>W czwartek 19 kwietnia otwarto oficjalnie plac zabaw \u201ePod D\u0119bem\u201d przy ul. Olimpijskiej w Jugowie. kt\u00f3ry przeszed\u0142 remont<\/p>\n","protected":false},"author":4,"featured_media":8206,"comment_status":"open","ping_status":"closed","sticky":false,"template":"","format":"standard","meta":{"om_disable_all_campaigns":false,"_monsterinsights_skip_tracking":false,"_monsterinsights_sitenote_active":false,"_monsterinsights_sitenote_note":"","_monsterinsights_sitenote_category":0,"_uf_show_specific_survey":0,"_uf_disable_surveys":false,"footnotes":""},"categories":[2,1747,29,152,131,2117],"tags":[552,2463,2468,2464,2462,86,2466,2470,155,2469,2461,2471,2467,20,5,2443,2465,2473,2311,192,2472,1732],"aioseo_notices":[],"amp_enabled":true,"_links":{"self":[{"href":"https:\/\/www.noworudzianin.pl\/WWW\/wp-json\/wp\/v2\/posts\/8184"}],"collection":[{"href":"https:\/\/www.noworudzianin.pl\/WWW\/wp-json\/wp\/v2\/posts"}],"about":[{"href":"https:\/\/www.noworudzianin.pl\/WWW\/wp-json\/wp\/v2\/types\/post"}],"author":[{"embeddable":true,"href":"https:\/\/www.noworudzianin.pl\/WWW\/wp-json\/wp\/v2\/users\/4"}],"replies":[{"embeddable":true,"href":"https:\/\/www.noworudzianin.pl\/WWW\/wp-json\/wp\/v2\/comments?post=8184"}],"version-history":[{"count":2,"href":"https:\/\/www.noworudzianin.pl\/WWW\/wp-json\/wp\/v2\/posts\/8184\/revisions"}],"predecessor-version":[{"id":8209,"href":"https:\/\/www.noworudzianin.pl\/WWW\/wp-json\/wp\/v2\/posts\/8184\/revisions\/8209"}],"wp:featuredmedia":[{"embeddable":true,"href":"https:\/\/www.noworudzianin.pl\/WWW\/wp-json\/wp\/v2\/media\/8206"}],"wp:attachment":[{"href":"https:\/\/www.noworudzianin.pl\/WWW\/wp-json\/wp\/v2\/media?parent=8184"}],"wp:term":[{"taxonomy":"category","embeddable":true,"href":"https:\/\/www.noworudzianin.pl\/WWW\/wp-json\/wp\/v2\/categories?post=8184"},{"taxonomy":"post_tag","embeddable":true,"href":"https:\/\/www.noworudzianin.pl\/WWW\/wp-json\/wp\/v2\/tags?post=8184"}],"curies":[{"name":"wp","href":"https:\/\/api.w.org\/{rel}","templated":true}]}}