{"id":8611,"date":"2018-05-24T13:43:08","date_gmt":"2018-05-24T11:43:08","guid":{"rendered":"https:\/\/www.noworudzianin.pl\/WWW\/?p=8611"},"modified":"2018-05-25T14:31:32","modified_gmt":"2018-05-25T12:31:32","slug":"iii-jarmark-wiosenny-w-jugowie","status":"publish","type":"post","link":"https:\/\/www.noworudzianin.pl\/WWW\/2018\/05\/24\/iii-jarmark-wiosenny-w-jugowie\/","title":{"rendered":"III Jarmark Wiosenny w Jugowie"},"content":{"rendered":"<p>W pi\u0119knej aurze sobotniego popo\u0142udnia 19 maja, odby\u0142a si\u0119 ju\u017c trzecia edycja Jarmarku Wiosennego, kt\u00f3rego organizatorami byli: Stowarzyszenie Przyjaci\u00f3\u0142 Jugowa, Zesp\u00f3\u0142 Szk\u00f3\u0142 nr 1 w Jugowie, Ko\u0142o Gospody\u0144 Wiejskich \u201eJugowianki\u201d, Klub Seniora \u201eWrzos\u201d oraz\u00a0so\u0142ectwo Jug\u00f3w<\/p>\n<p>Festyny i lokalne jarmarki staj\u0105 si\u0119 ju\u017c tradycj\u0105 \u017cycia spo\u0142ecznego. S\u0105 wa\u017cnym elementem integracji spo\u0142eczno-kulturowej mieszka\u0144c\u00f3w. Stanowi\u0105 te\u017c swoist\u0105 galeri\u0119 prezentacji dzia\u0142alno\u015bci r\u00f3\u017cnorodnych instytucji i organizacji, podan\u0105 publiczno\u015bci w spos\u00f3b spontaniczny i szczery.<\/p>\n<p>W Jugowie, na boisku miejscowej szko\u0142y, ju\u017c z samego rana zacz\u0119\u0142y si\u0119 kszta\u0142towa\u0107 zr\u0119by festynowego miasteczka. Licznie przyby\u0142\u0105 na jarmark publiczno\u015b\u0107 powitali organizatorzy: Marzena Sarysz, prezes SPJ oraz jej zast\u0119pca Przemys\u0142aw Burnos, kt\u00f3rzy w towarzystwie Adrianny Mierzejewskiej, w\u00f3jta gminy Nowa Ruda, uroczy\u015bcie otworzyli trzeci\u0105 edycj\u0119 jugowskiego jarmarku. W podzi\u0119kowaniu za wsparcie, cz\u0142onkowie SPJ wr\u0119czyli pani w\u00f3jt stowarzyszeniow\u0105 koszulk\u0119.<\/p>\n<p>Przemek Burnos kolejny raz w ci\u0105gu dnia \u201ezmieni\u0142 sk\u00f3r\u0119\u201d, zamieniaj\u0105c si\u0119 w rasowego wodzireja reguluj\u0105cego tempo wydarze\u0144 i emocje wyst\u0119puj\u0105cych artyst\u00f3w. Przygotowany program artystyczny by\u0142 bardzo r\u00f3\u017cnorodny, zar\u00f3wno w formie jak i tre\u015bci. Ka\u017cdy z wyst\u0119puj\u0105cych stara\u0142 si\u0119 dynamik\u0105 i scenografi\u0105 oczarowa\u0107 \u017cywo reaguj\u0105c\u0105 publiczno\u015b\u0107. Programy artystyczne przedstawili: Klub Seniora \u201eWrzos\u201d, Ko\u0142o Gospody\u0144 Wiejskich z Krajanowa, Ko\u0142o Gospody\u0144 Wiejskich ze \u015acinawki \u015aredniej, Ko\u0142o Gospody\u0144 Wiejskich \u201eJugowianki\u201d.<\/p>\n<p>Uczniowie z grupy teatralnej \u201eFrajda\u201d z Zespo\u0142u Szk\u00f3\u0142 nr 1 w Jugowie, prowadzonej przez Barbar\u0119 Kalitowsk\u0105, wystawili bardzo ciekawe przedstawienie pt. \u201eO Tadku Niejadku, Babci i Dziadku\u201d. Przedszkolaki z Jugowa r\u00f3wnie\u017c zaprezentowa\u0142y si\u0119 na jarmarku. Mi\u0142o by\u0142o pos\u0142ucha\u0107 piosenki i wierszyka o wio\u015bnie w wykonaniu najm\u0142odszych.<\/p>\n<p>Stowarzyszenie Przyjaci\u00f3\u0142 Jugowa na t\u0119 uroczysto\u015b\u0107 przygotowa\u0142o spektakl o Rumcajsie, wiosenn\u0105 piosenk\u0119 oraz mini zumb\u0119 z pomoc\u0105 Agnieszki Bara\u0144skiej.<\/p>\n<p>Wyst\u0119py sceniczne wzbogaci\u0142a plenerowa wystawa prac plastycznych zrealizowanych grupowo podczas zaj\u0119\u0107 \u015bwietlicowych w SPJ oraz konkurs publiczno\u015bci na najpi\u0119kniejszy prezentowany obraz. Wyr\u00f3\u017cnienie zdoby\u0142a praca \u201eSamoch\u00f3d w p\u0119dzie\u201d, kt\u00f3rego autorem jest 7-letni Igor. III miejsce zdoby\u0142a Jola za prac\u0119 przedstawiaj\u0105c\u0105 \u201eZach\u00f3d s\u0142o\u0144ca na morzem\u201d, II miejsce zaj\u0119\u0142y: Alicja i Weronika za prac\u0119 \u201eIskrz\u0105ca zima\u201d. Praca, kt\u00f3ra zaj\u0119\u0142a I miejsce, zdoby\u0142a serca najwi\u0119kszej ilo\u015bci g\u0142osuj\u0105cych uczestnik\u00f3w jarmarku \u2013 by\u0142a to praca grupowa pt.: \u201eWiosenna \u0142\u0105ka\u201d. Autorami pracy s\u0105: Dominika, Emilka, Oliwia oraz Justynka. Wszystkim serdecznie gratulujemy.<\/p>\n<p>Licznie rozstawione kramy i stoiska oferowa\u0142y wymy\u015blne ciasta i inne s\u0142odko\u015bci, mo\u017cna by\u0142o skosztowa\u0107 pierog\u00f3w lub autorskich ser\u00f3w.<\/p>\n<p>Dzieci mia\u0142y mo\u017cliwo\u015b\u0107 artystycznego pomalowania twarzy i spr\u00f3bowania swojej witalno\u015bci fizycznej na zje\u017cd\u017calni. Patronem medialnym jarmarku by\u0142 tygodnik \u201eNoworudzianin\u201d. Specjalne podzi\u0119kowania nale\u017c\u0105 si\u0119 bezinteresownym sympatykom Stowarzyszenia Przyjaci\u00f3\u0142 Jugowa, kt\u00f3rzy przyszli pom\u00f3c, tak jak umiej\u0105 \u2013 z poczucia przynale\u017cno\u015bci do ma\u0142ej ojczyzny.<\/p>\n<p><a href=\"https:\/\/www.noworudzianin.pl\/WWW\/wp-content\/uploads\/2018\/05\/IMGP0002.jpg\"><img loading=\"lazy\" decoding=\"async\" src=\"https:\/\/www.noworudzianin.pl\/WWW\/wp-content\/uploads\/2018\/05\/IMGP0002-630x422.jpg\" alt=\"\" width=\"630\" height=\"422\" class=\"alignnone size-large wp-image-8634\" srcset=\"https:\/\/www.noworudzianin.pl\/WWW\/wp-content\/uploads\/2018\/05\/IMGP0002-630x422.jpg 630w, https:\/\/www.noworudzianin.pl\/WWW\/wp-content\/uploads\/2018\/05\/IMGP0002-300x201.jpg 300w, https:\/\/www.noworudzianin.pl\/WWW\/wp-content\/uploads\/2018\/05\/IMGP0002-768x514.jpg 768w\" sizes=\"(max-width: 630px) 100vw, 630px\" \/><\/a><\/p>\n<p><a href=\"https:\/\/www.noworudzianin.pl\/WWW\/wp-content\/uploads\/2018\/05\/IMGP0031.jpg\"><img loading=\"lazy\" decoding=\"async\" src=\"https:\/\/www.noworudzianin.pl\/WWW\/wp-content\/uploads\/2018\/05\/IMGP0031-630x422.jpg\" alt=\"\" width=\"630\" height=\"422\" class=\"alignnone size-large wp-image-8635\" srcset=\"https:\/\/www.noworudzianin.pl\/WWW\/wp-content\/uploads\/2018\/05\/IMGP0031-630x422.jpg 630w, https:\/\/www.noworudzianin.pl\/WWW\/wp-content\/uploads\/2018\/05\/IMGP0031-300x201.jpg 300w, https:\/\/www.noworudzianin.pl\/WWW\/wp-content\/uploads\/2018\/05\/IMGP0031-768x514.jpg 768w\" sizes=\"(max-width: 630px) 100vw, 630px\" \/><\/a><\/p>\n<p><a href=\"https:\/\/www.noworudzianin.pl\/WWW\/wp-content\/uploads\/2018\/05\/IMGP9660.jpg\"><img loading=\"lazy\" decoding=\"async\" src=\"https:\/\/www.noworudzianin.pl\/WWW\/wp-content\/uploads\/2018\/05\/IMGP9660-630x422.jpg\" alt=\"\" width=\"630\" height=\"422\" class=\"alignnone size-large wp-image-8636\" srcset=\"https:\/\/www.noworudzianin.pl\/WWW\/wp-content\/uploads\/2018\/05\/IMGP9660-630x422.jpg 630w, https:\/\/www.noworudzianin.pl\/WWW\/wp-content\/uploads\/2018\/05\/IMGP9660-300x201.jpg 300w, https:\/\/www.noworudzianin.pl\/WWW\/wp-content\/uploads\/2018\/05\/IMGP9660-768x514.jpg 768w\" sizes=\"(max-width: 630px) 100vw, 630px\" \/><\/a><\/p>\n<p><a href=\"https:\/\/www.noworudzianin.pl\/WWW\/wp-content\/uploads\/2018\/05\/IMGP9692.jpg\"><img loading=\"lazy\" decoding=\"async\" src=\"https:\/\/www.noworudzianin.pl\/WWW\/wp-content\/uploads\/2018\/05\/IMGP9692-630x422.jpg\" alt=\"\" width=\"630\" height=\"422\" class=\"alignnone size-large wp-image-8637\" srcset=\"https:\/\/www.noworudzianin.pl\/WWW\/wp-content\/uploads\/2018\/05\/IMGP9692-630x422.jpg 630w, https:\/\/www.noworudzianin.pl\/WWW\/wp-content\/uploads\/2018\/05\/IMGP9692-300x201.jpg 300w, https:\/\/www.noworudzianin.pl\/WWW\/wp-content\/uploads\/2018\/05\/IMGP9692-768x514.jpg 768w\" sizes=\"(max-width: 630px) 100vw, 630px\" \/><\/a><\/p>\n<p><a href=\"https:\/\/www.noworudzianin.pl\/WWW\/wp-content\/uploads\/2018\/05\/IMGP9794.jpg\"><img loading=\"lazy\" decoding=\"async\" src=\"https:\/\/www.noworudzianin.pl\/WWW\/wp-content\/uploads\/2018\/05\/IMGP9794-630x422.jpg\" alt=\"\" width=\"630\" height=\"422\" class=\"alignnone size-large wp-image-8638\" srcset=\"https:\/\/www.noworudzianin.pl\/WWW\/wp-content\/uploads\/2018\/05\/IMGP9794-630x422.jpg 630w, https:\/\/www.noworudzianin.pl\/WWW\/wp-content\/uploads\/2018\/05\/IMGP9794-300x201.jpg 300w, https:\/\/www.noworudzianin.pl\/WWW\/wp-content\/uploads\/2018\/05\/IMGP9794-768x514.jpg 768w\" sizes=\"(max-width: 630px) 100vw, 630px\" \/><\/a><\/p>\n<p><a href=\"https:\/\/www.noworudzianin.pl\/WWW\/wp-content\/uploads\/2018\/05\/IMGP9923.jpg\"><img loading=\"lazy\" decoding=\"async\" src=\"https:\/\/www.noworudzianin.pl\/WWW\/wp-content\/uploads\/2018\/05\/IMGP9923-630x422.jpg\" alt=\"\" width=\"630\" height=\"422\" class=\"alignnone size-large wp-image-8639\" srcset=\"https:\/\/www.noworudzianin.pl\/WWW\/wp-content\/uploads\/2018\/05\/IMGP9923-630x422.jpg 630w, https:\/\/www.noworudzianin.pl\/WWW\/wp-content\/uploads\/2018\/05\/IMGP9923-300x201.jpg 300w, https:\/\/www.noworudzianin.pl\/WWW\/wp-content\/uploads\/2018\/05\/IMGP9923-768x514.jpg 768w\" sizes=\"(max-width: 630px) 100vw, 630px\" \/><\/a><\/p>\n<p><a href=\"https:\/\/www.noworudzianin.pl\/WWW\/wp-content\/uploads\/2018\/05\/IMGP9966.jpg\"><img loading=\"lazy\" decoding=\"async\" src=\"https:\/\/www.noworudzianin.pl\/WWW\/wp-content\/uploads\/2018\/05\/IMGP9966-630x422.jpg\" alt=\"\" width=\"630\" height=\"422\" class=\"alignnone size-large wp-image-8640\" srcset=\"https:\/\/www.noworudzianin.pl\/WWW\/wp-content\/uploads\/2018\/05\/IMGP9966-630x422.jpg 630w, https:\/\/www.noworudzianin.pl\/WWW\/wp-content\/uploads\/2018\/05\/IMGP9966-300x201.jpg 300w, https:\/\/www.noworudzianin.pl\/WWW\/wp-content\/uploads\/2018\/05\/IMGP9966-768x514.jpg 768w\" sizes=\"(max-width: 630px) 100vw, 630px\" \/><\/a><\/p>\n<p align=\"center\"><span style=\"color: #0000ff;\">Str. 17 w numerze 331 tygodnika \u201eNoworudzianin\u201d dost\u0119pny w<\/span> <a href=\"https:\/\/www.noworudzianin.pl\/WWW\/archiwum\/rok-2018-numery-od-312-do-362\/\" target=\"_blank\">archiwum<\/a>.<\/p>\n<p><script language=\"JavaScript\">\n<!--\nfunction FP_swapImg() {\/\/v1.0\n var doc=document,args=arguments,elm,n; doc.$imgSwaps=new Array(); for(n=2; n<args.length;\n n+=2) { elm=FP_getObjectByID(args[n]); if(elm) { doc.$imgSwaps[doc.$imgSwaps.length]=elm;\n elm.$src=elm.src; elm.src=args[n+1]; } }\n}\nfunction FP_preloadImgs() {\/\/v1.0\n var d=document,a=arguments; if(!d.FP_imgs) d.FP_imgs=new Array();\n for(var i=0; i<a.length; i++) { d.FP_imgs[i]=new Image; d.FP_imgs[i].src=a[i]; }\n}\nfunction FP_getObjectByID(id,o) {\/\/v1.0\n var c,el,els,f,m,n; if(!o)o=document; if(o.getElementById) el=o.getElementById(id);\n else if(o.layers) c=o.layers; else if(o.all) el=o.all[id]; if(el) return el;\n if(o.id==id || o.name==id) return o; if(o.childNodes) c=o.childNodes; if(c)\n for(n=0; n<c.length; n++) { el=FP_getObjectByID(id,c[n]); if(el) return el; }\n f=o.forms; if(f) for(n=0; n<f.length; n++) { els=f[n].elements;\n for(m=0; m<els.length; m++){ el=FP_getObjectByID(id,els[n]); if(el) return el; } }\n return null;\n}\n\/\/ -->\n<\/script><br \/>\n<body onload=\"FP_preloadImgs(\/*url*\/'http:\/\/www.noworudzianin.pl\/WWW\/images\/button53.jpg', \/*url*\/'http:\/\/www.noworudzianin.pl\/WWW\/images\/button52.jpg')\"><\/p>\n<p align=\"center\">\n\t\t\t<a target=\"_blank\" href=\"http:\/\/www.noworudzianin.pl\/WWW\/images\/331_b.jpg\"><br \/>\n\t\t\t<img loading=\"lazy\" decoding=\"async\" border=\"1\" src=\"http:\/\/www.noworudzianin.pl\/WWW\/images\/331_b_small.jpg\" width=\"221\" height=\"300\"><\/a><br \/>\n\t\t\t<font face=\"Verdana\">Numer 331<br \/>\n\t\t\t<font size=\"2\">25-31 maja 2018 r.<\/font><\/font><br \/><a title=\"pobierz e-gazet\u0119\" onclick=\"window.open('\/egazeta\/index.php?n=331','Pobierz_egazete', 'menubar=no,toolbar=no,location=no,directories=no,status=no,scrollbars=no,resizable=no,fullscreen=no,channelmode=no,width=400,height=400').focus(); return false()\"><img loading=\"lazy\" decoding=\"async\" border=\"0\" id=\"img62\" src=\"http:\/\/www.noworudzianin.pl\/WWW\/images\/button51.jpg\" height=\"30\" width=\"150\" alt=\"Pobierz tutaj (pdf)\" onmouseover=\"FP_swapImg(1,0,\/*id*\/'img62',\/*url*\/'http:\/\/www.noworudzianin.pl\/WWW\/images\/button52.jpg')\" onmouseout=\"FP_swapImg(0,0,\/*id*\/'img62',\/*url*\/'http:\/\/www.noworudzianin.pl\/WWW\/images\/button51.jpg')\" onmousedown=\"FP_swapImg(1,0,\/*id*\/'img62',\/*url*\/'http:\/\/www.noworudzianin.pl\/WWW\/images\/button53.jpg')\" onmouseup=\"FP_swapImg(0,0,\/*id*\/'img62',\/*url*\/'http:\/\/www.noworudzianin.pl\/WWW\/images\/button52.jpg')\" fp-style=\"fp-btn: Glass Rectangle 1; fp-font-size: 12; fp-orig: 0\" fp-title=\"Pobierz tutaj (pdf)\"><\/a><\/p>\n","protected":false},"excerpt":{"rendered":"<p>W pi\u0119knej aurze sobotniego popo\u0142udnia 19 maja, odby\u0142a si\u0119 ju\u017c trzecia edycja Jarmarku Wiosennego, kt\u00f3rego organizatorami byli: Stowarzyszenie Przyjaci\u00f3\u0142 Jugowa,<\/p>\n","protected":false},"author":4,"featured_media":8633,"comment_status":"open","ping_status":"closed","sticky":false,"template":"","format":"standard","meta":{"om_disable_all_campaigns":false,"_monsterinsights_skip_tracking":false,"_monsterinsights_sitenote_active":false,"_monsterinsights_sitenote_note":"","_monsterinsights_sitenote_category":0,"_uf_show_specific_survey":0,"_uf_disable_surveys":false,"footnotes":""},"categories":[2,1747,234,29,2448,152,2116,426,2117],"tags":[2535,155,20,5,2522,192],"aioseo_notices":[],"amp_enabled":true,"_links":{"self":[{"href":"https:\/\/www.noworudzianin.pl\/WWW\/wp-json\/wp\/v2\/posts\/8611"}],"collection":[{"href":"https:\/\/www.noworudzianin.pl\/WWW\/wp-json\/wp\/v2\/posts"}],"about":[{"href":"https:\/\/www.noworudzianin.pl\/WWW\/wp-json\/wp\/v2\/types\/post"}],"author":[{"embeddable":true,"href":"https:\/\/www.noworudzianin.pl\/WWW\/wp-json\/wp\/v2\/users\/4"}],"replies":[{"embeddable":true,"href":"https:\/\/www.noworudzianin.pl\/WWW\/wp-json\/wp\/v2\/comments?post=8611"}],"version-history":[{"count":1,"href":"https:\/\/www.noworudzianin.pl\/WWW\/wp-json\/wp\/v2\/posts\/8611\/revisions"}],"predecessor-version":[{"id":8641,"href":"https:\/\/www.noworudzianin.pl\/WWW\/wp-json\/wp\/v2\/posts\/8611\/revisions\/8641"}],"wp:featuredmedia":[{"embeddable":true,"href":"https:\/\/www.noworudzianin.pl\/WWW\/wp-json\/wp\/v2\/media\/8633"}],"wp:attachment":[{"href":"https:\/\/www.noworudzianin.pl\/WWW\/wp-json\/wp\/v2\/media?parent=8611"}],"wp:term":[{"taxonomy":"category","embeddable":true,"href":"https:\/\/www.noworudzianin.pl\/WWW\/wp-json\/wp\/v2\/categories?post=8611"},{"taxonomy":"post_tag","embeddable":true,"href":"https:\/\/www.noworudzianin.pl\/WWW\/wp-json\/wp\/v2\/tags?post=8611"}],"curies":[{"name":"wp","href":"https:\/\/api.w.org\/{rel}","templated":true}]}}