{"id":8679,"date":"2018-05-31T10:30:38","date_gmt":"2018-05-31T08:30:38","guid":{"rendered":"https:\/\/www.noworudzianin.pl\/WWW\/?p=8679"},"modified":"2018-05-31T10:30:38","modified_gmt":"2018-05-31T08:30:38","slug":"dzien-dziecka","status":"publish","type":"post","link":"https:\/\/www.noworudzianin.pl\/WWW\/2018\/05\/31\/dzien-dziecka\/","title":{"rendered":"Dzie\u0144 Dziecka"},"content":{"rendered":"<p>Trudno jest jednoznacznie ustali\u0107, kiedy po praz pierwszy obchodzono Dzie\u0144 Dziecka. Uwa\u017ca si\u0119, \u017ce historia tego \u015bwi\u0119ta si\u0119ga 1949 r. Dzie\u0144 Dziecka zosta\u0142 wymy\u015blony przez \u015awiatow\u0105 Federacj\u0119 Kobiet Demokratycznych. Celem wprowadzenia takiego \u015bwi\u0119ta by\u0142o u\u015bwiadomienie ludziom, jak wa\u017cne jest, by chroni\u0107 najm\u0142odszych przed okrucie\u0144stwami wojny, g\u0142odem i innymi krzywdami.<br \/>\nW Polsce i w innych krajach s\u0142owia\u0144skich (np.: Czechy, S\u0142owacja, Ukraina) \u015bwi\u0119to to obchodzone jest 1 czerwca od roku 1952. Od 1994 r. tego dnia w Warszawie obraduje Sejm Dzieci i M\u0142odzie\u017cy.<\/p>\n<p>Z okazji Dnia Dziecka w szko\u0142ach cz\u0119sto obchodzony jest dzie\u0144 sportu; np. poprzez organizowanie rozgrywek mi\u0119dzyklasowych.<br \/>\nPrzed II wojn\u0105 \u015bwiatow\u0105, z inicjatywy Polskiego Komitetu Opieki nad Dzieckiem, od 1929 r., 22 wrze\u015bnia obchodzono \u015awi\u0119to Dziecka. Tego dnia po Mszach \u015bw. w ko\u015bcio\u0142ach, dzieci udawa\u0142y si\u0119 do szk\u00f3\u0142 na uroczyste akademie, a nast\u0119pnie na przygotowane wycieczki i zabawy, w czasie kt\u00f3rych rozdawano s\u0142odycze, zakupione ze \u015brodk\u00f3w pozyskanych ze zbi\u00f3rek publicznych.<br \/>\nW Polsce w tym dniu rodzice skupiaj\u0105 ca\u0142\u0105 uwag\u0119 na najm\u0142odszych i staraj\u0105 si\u0119 sprawi\u0107 im jak najwi\u0119cej przyjemno\u015bci. Maluchy s\u0105 cz\u0119sto witane \u015bwi\u0105tecznym, s\u0142odkim \u015bniadaniem i dostaj\u0105 prezenty i \u0142akocie. Dzieci zabierane s\u0105 do zoo, parku, na festyn, do kina lub sali zabaw.<\/p>\n<p>We Francji nie ma typowego Dnia Dziecka. obchodzony jest natomiast Dzie\u0144 Rodziny. \u015awi\u0119to to wypada 6 stycznia. Tego dnia Francuzi organizuj\u0105 uroczysty, rodzinny obiad, podczas kt\u00f3rego podawane s\u0105 bogate desery: ciasta, ciasteczka  i s\u0142odycze. Podczas posi\u0142ku dzieci nak\u0142adaj\u0105 na g\u0142owy, wykonane wcze\u015bniej z papieru, korony. Otrzymuj\u0105 r\u00f3wnie\u017c podarki tak, jak kiedy\u015b Trzej Kr\u00f3lowie z\u0142o\u017cyli dary narodzonemu Jezusowi.<\/p>\n<p>Swoje \u015bwi\u0119to w Turcji dzieci obchodz\u0105 23 kwietnia, to tak\u017ce \u015awi\u0119to Niepodleg\u0142o\u015bci. We Francji dzieci maj\u0105 swoje \u015bwi\u0119to 6 stycznia.<br \/>\nW Japonii stniej\u0105 w\u0142a\u015bciwie dwa \u015bwi\u0119ta, osobne dla ch\u0142opc\u00f3w i osobne dla dziewczynek. Mali panowie maj\u0105 sw\u00f3j dzie\u0144 5 maja \u2013 jest on znacznie huczniej obchodzony ni\u017c dzie\u0144 dziewczynek, przypadaj\u0105cy 5 marca. Japo\u0144scy ch\u0142opcy sw\u00f3j dzie\u0144 sp\u0119dzaj\u0105 ze swoimi ojcami. Razem wykonuj\u0105 papierowe zabawki. Dziewczynki, razem z rodzicami, wykonuj\u0105 lalki z r\u00f3\u017cnych materia\u0142\u00f3w i ubieraj\u0105 je w tradycyjne, japo\u0144skie stroje. 5 marca to jednocze\u015bnie \u015awi\u0119to Lalek.<\/p>\n<p>W Argentynie \u015bwi\u0119to dzieci obchodzi si\u0119 w drug\u0105 niedziel\u0119 sierpnia, w Australii w czwart\u0105 \u015brod\u0119 pa\u017adziernika, na W\u0119grzech \u2013 w ostatni\u0105 niedziel\u0119 maja. <\/p>\n<p>W niekt\u00f3rych pa\u0144stwach Dzie\u0144 Dziecka obchodzi si\u0119 20 listopada, w rocznic\u0119 uchwalenia Deklaracji Praw Dziecka oraz Konwencji o Prawach Dziecka, co sta\u0142o si\u0119 w 1959 r.<\/p>\n<p>Dzie\u0144 Dziecka obchodzi te\u017c ONZ, 20 listopada, w rocznic\u0119 uchwalenia przez Zgromadzenie Og\u00f3lne Deklaracji Praw Dziecka w 1959 r. oraz Konwencji Praw Dziecka w 1989 r. Polska by\u0142a inicjatorem opracowania dokumentu z 1989 r, zaproponowa\u0142a uchwalenie konwencji, z\u0142o\u017cy\u0142a jej projekt oraz aktywnie uczestniczy\u0142a w jego opracowaniu. Konwencja po podpisaniu przez 20 pa\u0144stw, wesz\u0142a w \u017cycie w 1990 r.<\/p>\n<p align=\"center\"><span style=\"color: #0000ff;\">Str. 12 w numerze 332 tygodnika \u201eNoworudzianin\u201d dost\u0119pny w<\/span> <a href=\"https:\/\/www.noworudzianin.pl\/WWW\/archiwum\/rok-2018-numery-od-312-do-362\/\" target=\"_blank\">archiwum<\/a>.<\/p>\n<p><script language=\"JavaScript\">\n<!--\nfunction FP_swapImg() {\/\/v1.0\n var doc=document,args=arguments,elm,n; doc.$imgSwaps=new Array(); for(n=2; n<args.length;\n n+=2) { elm=FP_getObjectByID(args[n]); if(elm) { doc.$imgSwaps[doc.$imgSwaps.length]=elm;\n elm.$src=elm.src; elm.src=args[n+1]; } }\n}\nfunction FP_preloadImgs() {\/\/v1.0\n var d=document,a=arguments; if(!d.FP_imgs) d.FP_imgs=new Array();\n for(var i=0; i<a.length; i++) { d.FP_imgs[i]=new Image; d.FP_imgs[i].src=a[i]; }\n}\nfunction FP_getObjectByID(id,o) {\/\/v1.0\n var c,el,els,f,m,n; if(!o)o=document; if(o.getElementById) el=o.getElementById(id);\n else if(o.layers) c=o.layers; else if(o.all) el=o.all[id]; if(el) return el;\n if(o.id==id || o.name==id) return o; if(o.childNodes) c=o.childNodes; if(c)\n for(n=0; n<c.length; n++) { el=FP_getObjectByID(id,c[n]); if(el) return el; }\n f=o.forms; if(f) for(n=0; n<f.length; n++) { els=f[n].elements;\n for(m=0; m<els.length; m++){ el=FP_getObjectByID(id,els[n]); if(el) return el; } }\n return null;\n}\n\/\/ -->\n<\/script><br \/>\n<body onload=\"FP_preloadImgs(\/*url*\/'http:\/\/www.noworudzianin.pl\/WWW\/images\/button53.jpg', \/*url*\/'http:\/\/www.noworudzianin.pl\/WWW\/images\/button52.jpg')\"><\/p>\n<p align=\"center\">\n\t\t\t<a target=\"_blank\" href=\"http:\/\/www.noworudzianin.pl\/WWW\/images\/332_b.jpg\"><br \/>\n\t\t\t<img loading=\"lazy\" decoding=\"async\" border=\"1\" src=\"http:\/\/www.noworudzianin.pl\/WWW\/images\/332_b_small.jpg\" width=\"221\" height=\"300\"><\/a><br \/>\n\t\t\t<font face=\"Verdana\">Numer 332<br \/>\n\t\t\t<font size=\"2\">1-7 czerwca 2018 r.<\/font><\/font><br \/><a title=\"pobierz e-gazet\u0119\" onclick=\"window.open('\/egazeta\/index.php?n=332','Pobierz_egazete', 'menubar=no,toolbar=no,location=no,directories=no,status=no,scrollbars=no,resizable=no,fullscreen=no,channelmode=no,width=400,height=400').focus(); return false()\"><img loading=\"lazy\" decoding=\"async\" border=\"0\" id=\"img62\" src=\"http:\/\/www.noworudzianin.pl\/WWW\/images\/button51.jpg\" height=\"30\" width=\"150\" alt=\"Pobierz tutaj (pdf)\" onmouseover=\"FP_swapImg(1,0,\/*id*\/'img62',\/*url*\/'http:\/\/www.noworudzianin.pl\/WWW\/images\/button52.jpg')\" onmouseout=\"FP_swapImg(0,0,\/*id*\/'img62',\/*url*\/'http:\/\/www.noworudzianin.pl\/WWW\/images\/button51.jpg')\" onmousedown=\"FP_swapImg(1,0,\/*id*\/'img62',\/*url*\/'http:\/\/www.noworudzianin.pl\/WWW\/images\/button53.jpg')\" onmouseup=\"FP_swapImg(0,0,\/*id*\/'img62',\/*url*\/'http:\/\/www.noworudzianin.pl\/WWW\/images\/button52.jpg')\" fp-style=\"fp-btn: Glass Rectangle 1; fp-font-size: 12; fp-orig: 0\" fp-title=\"Pobierz tutaj (pdf)\"><\/a><\/p>\n","protected":false},"excerpt":{"rendered":"<p>Trudno jest jednoznacznie ustali\u0107, kiedy po praz pierwszy obchodzono Dzie\u0144 Dziecka. Uwa\u017ca si\u0119, \u017ce historia tego \u015bwi\u0119ta si\u0119ga 1949 r.<\/p>\n","protected":false},"author":4,"featured_media":8698,"comment_status":"open","ping_status":"closed","sticky":false,"template":"","format":"standard","meta":{"om_disable_all_campaigns":false,"_monsterinsights_skip_tracking":false,"_monsterinsights_sitenote_active":false,"_monsterinsights_sitenote_note":"","_monsterinsights_sitenote_category":0,"_uf_show_specific_survey":0,"_uf_disable_surveys":false,"footnotes":""},"categories":[2,1747],"tags":[2545,20,5,2538],"aioseo_notices":[],"amp_enabled":true,"_links":{"self":[{"href":"https:\/\/www.noworudzianin.pl\/WWW\/wp-json\/wp\/v2\/posts\/8679"}],"collection":[{"href":"https:\/\/www.noworudzianin.pl\/WWW\/wp-json\/wp\/v2\/posts"}],"about":[{"href":"https:\/\/www.noworudzianin.pl\/WWW\/wp-json\/wp\/v2\/types\/post"}],"author":[{"embeddable":true,"href":"https:\/\/www.noworudzianin.pl\/WWW\/wp-json\/wp\/v2\/users\/4"}],"replies":[{"embeddable":true,"href":"https:\/\/www.noworudzianin.pl\/WWW\/wp-json\/wp\/v2\/comments?post=8679"}],"version-history":[{"count":1,"href":"https:\/\/www.noworudzianin.pl\/WWW\/wp-json\/wp\/v2\/posts\/8679\/revisions"}],"predecessor-version":[{"id":8699,"href":"https:\/\/www.noworudzianin.pl\/WWW\/wp-json\/wp\/v2\/posts\/8679\/revisions\/8699"}],"wp:featuredmedia":[{"embeddable":true,"href":"https:\/\/www.noworudzianin.pl\/WWW\/wp-json\/wp\/v2\/media\/8698"}],"wp:attachment":[{"href":"https:\/\/www.noworudzianin.pl\/WWW\/wp-json\/wp\/v2\/media?parent=8679"}],"wp:term":[{"taxonomy":"category","embeddable":true,"href":"https:\/\/www.noworudzianin.pl\/WWW\/wp-json\/wp\/v2\/categories?post=8679"},{"taxonomy":"post_tag","embeddable":true,"href":"https:\/\/www.noworudzianin.pl\/WWW\/wp-json\/wp\/v2\/tags?post=8679"}],"curies":[{"name":"wp","href":"https:\/\/api.w.org\/{rel}","templated":true}]}}