{"id":8702,"date":"2018-05-31T11:15:16","date_gmt":"2018-05-31T09:15:16","guid":{"rendered":"https:\/\/www.noworudzianin.pl\/WWW\/?p=8702"},"modified":"2018-06-01T12:48:56","modified_gmt":"2018-06-01T10:48:56","slug":"spotkanie-z-mieszkancami-w-slupcu","status":"publish","type":"post","link":"https:\/\/www.noworudzianin.pl\/WWW\/2018\/05\/31\/spotkanie-z-mieszkancami-w-slupcu\/","title":{"rendered":"Spotkanie z mieszka\u0144cami w S\u0142upcu"},"content":{"rendered":"<p>W \u015brod\u0119 23 maja w filii Miejskiej Biblioteki Publicznej w S\u0142upcu, odby\u0142o si\u0119 spotkanie Tomasza Kili\u0144skiego, burmistrza miasta Nowa Ruda oraz radnych z mieszka\u0144cami. Tomasz Kili\u0144ski przybli\u017cy\u0142 najwa\u017cniejsze inwestycje poczynione w ostatnich latach oraz te, kt\u00f3re s\u0105 w trakcie realizacji. Niestety na spotkanie przyby\u0142o tylko 20 os\u00f3b, ale i tak nie brakowa\u0142o pyta\u0144 zar\u00f3wno od strony mieszka\u0144c\u00f3w, jak i internaut\u00f3w, kt\u00f3rzy za po\u015brednictwem transmisji na \u017cywo na Facebooku \u201eNoworudzianina\u201d \u015bledzili przebieg spotkania.<\/p>\n<p>Ju\u017c w najbli\u017cszy poniedzia\u0142ek 4 czerwca o godz. 10.00 rozpoczynamy cykl spotka\u0144 i wywiad\u00f3w transmitowanych na \u017cywo, zatytu\u0142owanych \u201eNoworudzianin NA \u017bYWO\u201d. Na pierwsze zaproszenie przyj\u0105\u0142 burmistrz Tomasz Kili\u0144ski. Na stronie <a href=\"http:\/\/www.facebook.com\/Noworudzianin\" target=\"_blank\">www.facebook.com\/Noworudzianin<\/a> utworzyli\u015bmy specjalne wydarzenie. Tam mo\u017cecie Pa\u0144stwo zadawa\u0107 w ka\u017cdej chwili pytania do naszego go\u015bcia \u2013 r\u00f3wnie\u017c podczas trwania transmisji. Pytania mo\u017cna przesy\u0142a\u0107 tak\u017ce na adres e-mail: <a href=\"mailto:nazywo@noworudzianin.pl\" target=\"_blank\">nazywo@noworudzianin.pl<\/a>. Postaramy si\u0119 zada\u0107 jak najwi\u0119cej pyta\u0144.<\/p>\n<p>WYDARZENIE NA FACEBOOKU: <a href=\"https:\/\/www.facebook.com\/events\/1758834920850918\/\" target=\"_blank\">www.facebook.com\/events\/1758834920850918\/<\/a><\/p>\n<p>Zach\u0119camy r\u00f3wnie\u017c do przesy\u0142ania nam propozycji os\u00f3b, kt\u00f3re Waszym zdaniem, powinni\u015bmy zaprosi\u0107 na takie spotkania.<\/p>\n<p><a href=\"https:\/\/www.noworudzianin.pl\/WWW\/wp-content\/uploads\/2018\/05\/33343129_1731483696887338_5435421846281388032_n.jpg\"><img loading=\"lazy\" decoding=\"async\" src=\"https:\/\/www.noworudzianin.pl\/WWW\/wp-content\/uploads\/2018\/05\/33343129_1731483696887338_5435421846281388032_n-630x338.jpg\" alt=\"\" width=\"630\" height=\"338\" class=\"alignnone size-large wp-image-8717\" srcset=\"https:\/\/www.noworudzianin.pl\/WWW\/wp-content\/uploads\/2018\/05\/33343129_1731483696887338_5435421846281388032_n-630x338.jpg 630w, https:\/\/www.noworudzianin.pl\/WWW\/wp-content\/uploads\/2018\/05\/33343129_1731483696887338_5435421846281388032_n-300x161.jpg 300w, https:\/\/www.noworudzianin.pl\/WWW\/wp-content\/uploads\/2018\/05\/33343129_1731483696887338_5435421846281388032_n-768x412.jpg 768w, https:\/\/www.noworudzianin.pl\/WWW\/wp-content\/uploads\/2018\/05\/33343129_1731483696887338_5435421846281388032_n.jpg 833w\" sizes=\"(max-width: 630px) 100vw, 630px\" \/><\/a><\/p>\n<p align=\"center\"><span style=\"color: #0000ff;\">Str. 5 w numerze 332 tygodnika \u201eNoworudzianin\u201d dost\u0119pny w<\/span> <a href=\"https:\/\/www.noworudzianin.pl\/WWW\/archiwum\/rok-2018-numery-od-312-do-362\/\" target=\"_blank\">archiwum<\/a>.<\/p>\n<p><script language=\"JavaScript\">\n<!--\nfunction FP_swapImg() {\/\/v1.0\n var doc=document,args=arguments,elm,n; doc.$imgSwaps=new Array(); for(n=2; n<args.length;\n n+=2) { elm=FP_getObjectByID(args[n]); if(elm) { doc.$imgSwaps[doc.$imgSwaps.length]=elm;\n elm.$src=elm.src; elm.src=args[n+1]; } }\n}\nfunction FP_preloadImgs() {\/\/v1.0\n var d=document,a=arguments; if(!d.FP_imgs) d.FP_imgs=new Array();\n for(var i=0; i<a.length; i++) { d.FP_imgs[i]=new Image; d.FP_imgs[i].src=a[i]; }\n}\nfunction FP_getObjectByID(id,o) {\/\/v1.0\n var c,el,els,f,m,n; if(!o)o=document; if(o.getElementById) el=o.getElementById(id);\n else if(o.layers) c=o.layers; else if(o.all) el=o.all[id]; if(el) return el;\n if(o.id==id || o.name==id) return o; if(o.childNodes) c=o.childNodes; if(c)\n for(n=0; n<c.length; n++) { el=FP_getObjectByID(id,c[n]); if(el) return el; }\n f=o.forms; if(f) for(n=0; n<f.length; n++) { els=f[n].elements;\n for(m=0; m<els.length; m++){ el=FP_getObjectByID(id,els[n]); if(el) return el; } }\n return null;\n}\n\/\/ -->\n<\/script><br \/>\n<body onload=\"FP_preloadImgs(\/*url*\/'http:\/\/www.noworudzianin.pl\/WWW\/images\/button53.jpg', \/*url*\/'http:\/\/www.noworudzianin.pl\/WWW\/images\/button52.jpg')\"><\/p>\n<p align=\"center\">\n\t\t\t<a target=\"_blank\" href=\"http:\/\/www.noworudzianin.pl\/WWW\/images\/332_b.jpg\"><br \/>\n\t\t\t<img loading=\"lazy\" decoding=\"async\" border=\"1\" src=\"http:\/\/www.noworudzianin.pl\/WWW\/images\/332_b_small.jpg\" width=\"221\" height=\"300\"><\/a><br \/>\n\t\t\t<font face=\"Verdana\">Numer 332<br \/>\n\t\t\t<font size=\"2\">1-7 czerwca 2018 r.<\/font><\/font><br \/><a title=\"pobierz e-gazet\u0119\" onclick=\"window.open('\/egazeta\/index.php?n=332','Pobierz_egazete', 'menubar=no,toolbar=no,location=no,directories=no,status=no,scrollbars=no,resizable=no,fullscreen=no,channelmode=no,width=400,height=400').focus(); return false()\"><img loading=\"lazy\" decoding=\"async\" border=\"0\" id=\"img62\" src=\"http:\/\/www.noworudzianin.pl\/WWW\/images\/button51.jpg\" height=\"30\" width=\"150\" alt=\"Pobierz tutaj (pdf)\" onmouseover=\"FP_swapImg(1,0,\/*id*\/'img62',\/*url*\/'http:\/\/www.noworudzianin.pl\/WWW\/images\/button52.jpg')\" onmouseout=\"FP_swapImg(0,0,\/*id*\/'img62',\/*url*\/'http:\/\/www.noworudzianin.pl\/WWW\/images\/button51.jpg')\" onmousedown=\"FP_swapImg(1,0,\/*id*\/'img62',\/*url*\/'http:\/\/www.noworudzianin.pl\/WWW\/images\/button53.jpg')\" onmouseup=\"FP_swapImg(0,0,\/*id*\/'img62',\/*url*\/'http:\/\/www.noworudzianin.pl\/WWW\/images\/button52.jpg')\" fp-style=\"fp-btn: Glass Rectangle 1; fp-font-size: 12; fp-orig: 0\" fp-title=\"Pobierz tutaj (pdf)\"><\/a><\/p>\n","protected":false},"excerpt":{"rendered":"<p>W \u015brod\u0119 23 maja w filii Miejskiej Biblioteki Publicznej w S\u0142upcu, odby\u0142o si\u0119 spotkanie Tomasza Kili\u0144skiego, burmistrza miasta Nowa Ruda<\/p>\n","protected":false},"author":4,"featured_media":8715,"comment_status":"open","ping_status":"closed","sticky":false,"template":"","format":"standard","meta":{"om_disable_all_campaigns":false,"_monsterinsights_skip_tracking":false,"_monsterinsights_sitenote_active":false,"_monsterinsights_sitenote_note":"","_monsterinsights_sitenote_category":0,"_uf_show_specific_survey":0,"_uf_disable_surveys":false,"footnotes":""},"categories":[2,6,426,23],"tags":[20,5,2538,2550,462],"aioseo_notices":[],"amp_enabled":true,"_links":{"self":[{"href":"https:\/\/www.noworudzianin.pl\/WWW\/wp-json\/wp\/v2\/posts\/8702"}],"collection":[{"href":"https:\/\/www.noworudzianin.pl\/WWW\/wp-json\/wp\/v2\/posts"}],"about":[{"href":"https:\/\/www.noworudzianin.pl\/WWW\/wp-json\/wp\/v2\/types\/post"}],"author":[{"embeddable":true,"href":"https:\/\/www.noworudzianin.pl\/WWW\/wp-json\/wp\/v2\/users\/4"}],"replies":[{"embeddable":true,"href":"https:\/\/www.noworudzianin.pl\/WWW\/wp-json\/wp\/v2\/comments?post=8702"}],"version-history":[{"count":2,"href":"https:\/\/www.noworudzianin.pl\/WWW\/wp-json\/wp\/v2\/posts\/8702\/revisions"}],"predecessor-version":[{"id":8746,"href":"https:\/\/www.noworudzianin.pl\/WWW\/wp-json\/wp\/v2\/posts\/8702\/revisions\/8746"}],"wp:featuredmedia":[{"embeddable":true,"href":"https:\/\/www.noworudzianin.pl\/WWW\/wp-json\/wp\/v2\/media\/8715"}],"wp:attachment":[{"href":"https:\/\/www.noworudzianin.pl\/WWW\/wp-json\/wp\/v2\/media?parent=8702"}],"wp:term":[{"taxonomy":"category","embeddable":true,"href":"https:\/\/www.noworudzianin.pl\/WWW\/wp-json\/wp\/v2\/categories?post=8702"},{"taxonomy":"post_tag","embeddable":true,"href":"https:\/\/www.noworudzianin.pl\/WWW\/wp-json\/wp\/v2\/tags?post=8702"}],"curies":[{"name":"wp","href":"https:\/\/api.w.org\/{rel}","templated":true}]}}