{"id":9075,"date":"2018-06-21T12:02:13","date_gmt":"2018-06-21T10:02:13","guid":{"rendered":"https:\/\/www.noworudzianin.pl\/WWW\/?p=9075"},"modified":"2018-06-21T12:04:39","modified_gmt":"2018-06-21T10:04:39","slug":"za-poklady-broumovska","status":"publish","type":"post","link":"https:\/\/www.noworudzianin.pl\/WWW\/2018\/06\/21\/za-poklady-broumovska\/","title":{"rendered":"Za poklady Broumovska"},"content":{"rendered":"<p>Letni festiwal muzyczny \u201eZa poklady Broumovska\u201d ponownie zaprasza do\u00a0barokowych ko\u015bcio\u0142\u00f3w na koncerty muzyki klasycznej<!--more--><\/p>\n<p>W ramach XIII edycji letniego festiwalu muzycznego \u201eZa poklady Broumovska\u201d czeka nas dziesi\u0119\u0107 koncert\u00f3w czo\u0142owych czeskich i zagranicznych muzyk\u00f3w. Oficjalny program festiwalowy rozpocznie koncert Ensemble In\u00e9gal w sobot\u0119 30 czerwca w ko\u015bciele \u015bw. Marii Magdaleny w Bo\u017canowie (na Ziemi Broumovskiej).<\/p>\n<p>Festiwal \u201eZa poklady Broumovska\u201d ka\u017cdego lata otwiera przed publiczno\u015bci\u0105 wn\u0119trza unikatowych ko\u015bcio\u0142\u00f3w grupy broumovskiej, w kt\u00f3rych odbywaj\u0105 si\u0119 wieczorne koncerty uznanych artyst\u00f3w z Republiki Czeskiej i zagranicy. Ka\u017cdy koncert rozpoczyna si\u0119 o godzinie 18.00. Nie ma bilet\u00f3w, s\u0105 tylko dobrowolne datki, kt\u00f3re przeznaczane s\u0105 na renowacj\u0119 ko\u015bcio\u0142\u00f3w autorstwa s\u0142awnych architekt\u00f3w \u2013 Dientzenhofer\u00f3w. Organizatorem festiwalu jest organizacja po\u017cytku publicznego \u201eZa poklady Broumovska\u201d we wsp\u00f3\u0142pracy z Agencj\u0105 Rozwoju Ziemi Broumovskiej i Centrum Edukacji i Kultury Klasztor Broumov.<\/p>\n<p>\u2013 Ciesz\u0119 si\u0119, \u017ce koncerty mog\u0105 odbywa\u0107 si\u0119 w unikatowej przestrzeni, stwarzaj\u0105c wyj\u0105tkow\u0105 atmosfer\u0119 festiwalu, kt\u00f3ry dzi\u0119ki zebranym datkom, pomaga dba\u0107 o grup\u0119 zabytkowych ko\u015bcio\u0142\u00f3w. W ramach festiwalu kwota wsparcia przekroczy\u0142a ju\u017c milion osiemset tysi\u0119cy koron czeskich \u2013 m\u00f3wi Jan \u0160koln\u00edk, za\u0142o\u017cyciel Agencji Rozwoju Ziemi Broumovskiej.<\/p>\n<p>Trzynast\u0105 edycj\u0119 festiwalu \u201eZa poklady Broumovska\u201d symbolicznie otworzy koncert beneficjalny oboisty Vil\u00e9ma Veverki i harfistki Kate\u0159iny Englichovej, zaplanowany na 1 maja w sali Drzewnik w broumovskim klasztorze benedykty\u0144skim. Przych\u00f3d z koncertu, podobnie jak w roku ubieg\u0142ym, b\u0119dzie przekazany na przygotowanie festiwalu.<\/p>\n<p>\u2013 Festiwal w ci\u0105gu dwunastu lat swojego istnienia zaprezentowa\u0142 na ziemi broumovskiej wielu wybitnych artyst\u00f3w, najlepszych muzyk\u00f3w klasycznych z Republiki Czeskiej. W ostatnich latach w\u015br\u00f3d go\u015bci pojawili si\u0119 u nas: Simona Houda \u0160aturov\u00e1, Dagmar Peckov\u00e1, \u0160tefan Margita, Pavel \u0160porcl, Ivan \u017denat\u00fd, Josef \u0160pa\u010dek, Ivo Kah\u00e1nek, Martin Kas\u00edk, Kate\u0159ina Englichov\u00e1, Vil\u00e9m Veverka, wszystkie znane kwartety smyczkowe i wiele orkiestr, w\u0142\u0105cznie z Filharmoni\u0105 Hradec Kr\u00e1lov\u00e9. Podczas obecnej, trzynastej edycji, w ramach trzech (z dziesi\u0119ciu) koncert\u00f3w, zaprezentuj\u0105 si\u0119 te\u017c zagraniczni wykonawcy, co pozwoli publiczno\u015bci na por\u00f3wnanie czeskich wybitnych muzyk\u00f3w z europejskimi. W tym roku przyjedzie do nas francuski ch\u00f3r \u201eCastelcorn Ensemble\u201d (z programem muzyki barokowej), austriackie m\u0142ode trio fortepianowe \u201eAccio piano trio\u201d z programem \u201eJeunesse\u201d, a w ramach \u201eLetniego kursu waltorniowego\u201d b\u0119dziemy mogli podziwia\u0107 wyst\u0119p fi\u0144skiego waltornisty Esa Tapani, w towarzystwie jego czeskich koleg\u00f3w. B\u0119dziemy te\u017c pami\u0119ta\u0107 o m\u0142odych wykonawcach, w\u015br\u00f3d kt\u00f3rych us\u0142yszymy laureat\u00f3w konkurs\u00f3w \u201ePra\u017esk\u00e9 jaro\u201d, \u201eConcertino Praga\u201d i \u201eBroumovsk\u00e1 kl\u00e1vesa\u201d. Ciekawostk\u0105, kt\u00f3r\u0105 przygotowujemy dla wiernej publiczno\u015bci festiwalowego maratonu, b\u0119dzie wyst\u0119p czo\u0142owej sopranistki Kate\u0159iny Kn\u011b\u017e\u00edkovej w ramach koncertu fina\u0142owego w broumovskim klasztorze \u2013 zapowiada Tereza Kramplov\u00e1, dyrektor operacyjna i dramaturg festiwalu.<\/p>\n<p>W ramach programu towarzysz\u0105cego odb\u0119dzie si\u0119 \u201eIV Letni kurs waltorniowy\u201d, zaplanowany w dniach od 5 do 11 sierpnia. Kurs poprowadz\u0105: Esa Tapani, Jana Vobo\u0159ila \u2013 solistka Filharmonii Czeskiej i Zuzana Rzounkov\u00e1 \u2013 solistka SO FOK. Wi\u0119cej informacji znajduje si\u0119 na stronie: lhk.zapoklady.cz.<br \/>\nXIII edycje festiwalu patronatem obj\u0119\u0142o Ministerstwo Kultury Republiki Czeskiej, kardyna\u0142 Dominik Duka OP i Kraj Hradec \u00adKr\u00e1lov\u00e9. <\/p>\n<p>Aktualne informacje mo\u017cna znale\u017a\u0107 na stronach festiwalu <a href=\"http:\/\/www.zapoklady.cz\/pl\" target=\"_blank\">www.zapoklady.cz\/pl<\/a> albo na profilu Facebook @zapokladybroumovska.<br \/>\nKate\u0159ina Ostradeck\u00e1<\/p>\n<p align=\"center\"><span style=\"color: #0000ff;\">Str. 15 w numerze 335 tygodnika \u201eNoworudzianin\u201d dost\u0119pny w<\/span> <a href=\"https:\/\/www.noworudzianin.pl\/WWW\/archiwum\/rok-2018-numery-od-312-do-362\/\" target=\"_blank\">archiwum<\/a>.<\/p>\n<p><script language=\"JavaScript\">\n<!--\nfunction FP_swapImg() {\/\/v1.0\n var doc=document,args=arguments,elm,n; doc.$imgSwaps=new Array(); for(n=2; n<args.length;\n n+=2) { elm=FP_getObjectByID(args[n]); if(elm) { doc.$imgSwaps[doc.$imgSwaps.length]=elm;\n elm.$src=elm.src; elm.src=args[n+1]; } }\n}\nfunction FP_preloadImgs() {\/\/v1.0\n var d=document,a=arguments; if(!d.FP_imgs) d.FP_imgs=new Array();\n for(var i=0; i<a.length; i++) { d.FP_imgs[i]=new Image; d.FP_imgs[i].src=a[i]; }\n}\nfunction FP_getObjectByID(id,o) {\/\/v1.0\n var c,el,els,f,m,n; if(!o)o=document; if(o.getElementById) el=o.getElementById(id);\n else if(o.layers) c=o.layers; else if(o.all) el=o.all[id]; if(el) return el;\n if(o.id==id || o.name==id) return o; if(o.childNodes) c=o.childNodes; if(c)\n for(n=0; n<c.length; n++) { el=FP_getObjectByID(id,c[n]); if(el) return el; }\n f=o.forms; if(f) for(n=0; n<f.length; n++) { els=f[n].elements;\n for(m=0; m<els.length; m++){ el=FP_getObjectByID(id,els[n]); if(el) return el; } }\n return null;\n}\n\/\/ -->\n<\/script><br \/>\n<body onload=\"FP_preloadImgs(\/*url*\/'http:\/\/www.noworudzianin.pl\/WWW\/images\/button53.jpg', \/*url*\/'http:\/\/www.noworudzianin.pl\/WWW\/images\/button52.jpg')\"><\/p>\n<p align=\"center\">\n\t\t\t<a target=\"_blank\" href=\"http:\/\/www.noworudzianin.pl\/WWW\/images\/335_b.jpg\"><br \/>\n\t\t\t<img loading=\"lazy\" decoding=\"async\" border=\"1\" src=\"http:\/\/www.noworudzianin.pl\/WWW\/images\/335_b_small.jpg\" width=\"221\" height=\"300\"><\/a><br \/>\n\t\t\t<font face=\"Verdana\">Numer 335<br \/>\n\t\t\t<font size=\"2\">22-28 czerwca 2018 r.<\/font><\/font><br \/><a title=\"pobierz e-gazet\u0119\" onclick=\"window.open('\/egazeta\/index.php?n=335','Pobierz_egazete', 'menubar=no,toolbar=no,location=no,directories=no,status=no,scrollbars=no,resizable=no,fullscreen=no,channelmode=no,width=400,height=400').focus(); return false()\"><img loading=\"lazy\" decoding=\"async\" border=\"0\" id=\"img62\" src=\"http:\/\/www.noworudzianin.pl\/WWW\/images\/button51.jpg\" height=\"30\" width=\"150\" alt=\"Pobierz tutaj (pdf)\" onmouseover=\"FP_swapImg(1,0,\/*id*\/'img62',\/*url*\/'http:\/\/www.noworudzianin.pl\/WWW\/images\/button52.jpg')\" onmouseout=\"FP_swapImg(0,0,\/*id*\/'img62',\/*url*\/'http:\/\/www.noworudzianin.pl\/WWW\/images\/button51.jpg')\" onmousedown=\"FP_swapImg(1,0,\/*id*\/'img62',\/*url*\/'http:\/\/www.noworudzianin.pl\/WWW\/images\/button53.jpg')\" onmouseup=\"FP_swapImg(0,0,\/*id*\/'img62',\/*url*\/'http:\/\/www.noworudzianin.pl\/WWW\/images\/button52.jpg')\" fp-style=\"fp-btn: Glass Rectangle 1; fp-font-size: 12; fp-orig: 0\" fp-title=\"Pobierz tutaj (pdf)\"><\/a><\/p>\n","protected":false},"excerpt":{"rendered":"<p>Letni festiwal muzyczny \u201eZa poklady Broumovska\u201d ponownie zaprasza do\u00a0barokowych ko\u015bcio\u0142\u00f3w na koncerty muzyki klasycznej<\/p>\n","protected":false},"author":4,"featured_media":9102,"comment_status":"open","ping_status":"closed","sticky":false,"template":"","format":"standard","meta":{"om_disable_all_campaigns":false,"_monsterinsights_skip_tracking":false,"_monsterinsights_sitenote_active":false,"_monsterinsights_sitenote_note":"","_monsterinsights_sitenote_category":0,"_uf_show_specific_survey":0,"_uf_disable_surveys":false,"footnotes":""},"categories":[2,2671,2382,30],"tags":[20,5,2644,2672],"aioseo_notices":[],"amp_enabled":true,"_links":{"self":[{"href":"https:\/\/www.noworudzianin.pl\/WWW\/wp-json\/wp\/v2\/posts\/9075"}],"collection":[{"href":"https:\/\/www.noworudzianin.pl\/WWW\/wp-json\/wp\/v2\/posts"}],"about":[{"href":"https:\/\/www.noworudzianin.pl\/WWW\/wp-json\/wp\/v2\/types\/post"}],"author":[{"embeddable":true,"href":"https:\/\/www.noworudzianin.pl\/WWW\/wp-json\/wp\/v2\/users\/4"}],"replies":[{"embeddable":true,"href":"https:\/\/www.noworudzianin.pl\/WWW\/wp-json\/wp\/v2\/comments?post=9075"}],"version-history":[{"count":3,"href":"https:\/\/www.noworudzianin.pl\/WWW\/wp-json\/wp\/v2\/posts\/9075\/revisions"}],"predecessor-version":[{"id":9105,"href":"https:\/\/www.noworudzianin.pl\/WWW\/wp-json\/wp\/v2\/posts\/9075\/revisions\/9105"}],"wp:featuredmedia":[{"embeddable":true,"href":"https:\/\/www.noworudzianin.pl\/WWW\/wp-json\/wp\/v2\/media\/9102"}],"wp:attachment":[{"href":"https:\/\/www.noworudzianin.pl\/WWW\/wp-json\/wp\/v2\/media?parent=9075"}],"wp:term":[{"taxonomy":"category","embeddable":true,"href":"https:\/\/www.noworudzianin.pl\/WWW\/wp-json\/wp\/v2\/categories?post=9075"},{"taxonomy":"post_tag","embeddable":true,"href":"https:\/\/www.noworudzianin.pl\/WWW\/wp-json\/wp\/v2\/tags?post=9075"}],"curies":[{"name":"wp","href":"https:\/\/api.w.org\/{rel}","templated":true}]}}