{"id":9096,"date":"2018-06-21T12:37:31","date_gmt":"2018-06-21T10:37:31","guid":{"rendered":"https:\/\/www.noworudzianin.pl\/WWW\/?p=9096"},"modified":"2018-06-21T12:38:57","modified_gmt":"2018-06-21T10:38:57","slug":"upamietnili-prof-rotera","status":"publish","type":"post","link":"https:\/\/www.noworudzianin.pl\/WWW\/2018\/06\/21\/upamietnili-prof-rotera\/","title":{"rendered":"Upami\u0119tnili prof. Rotera"},"content":{"rendered":"<p>W czwartek 14 czerwca, z inicjatywy grupy by\u0142ych wychowank\u00f3w, na terenie Szko\u0142y Podstawowej nr 2 w Nowej Rudzie ods\u0142oni\u0119to obelisk z tablic\u0105 pami\u0105tkow\u0105 po\u015bwi\u0119con\u0105 profesorowi Witoldowi Roterowi<\/p>\n<p>Na uroczysto\u015bci, opr\u00f3cz by\u0142ych uczni\u00f3w wybitnego matematyka, kt\u00f3ry uczy\u0142 w latach 1953-1961 w Szkole Podstawowej nr 1 i Liceum Og\u00f3lnokszta\u0142c\u0105cym w Nowej Rudzie, kt\u00f3re w\u00f3wczas mie\u015bci\u0142o si\u0119 na terenie obecnej szko\u0142y nr 2, obecni byli m.in. Jadwiga Roter, \u017cona zmar\u0142ego w 2015 r. profesora, burmistrz Tomasz Kili\u0144ski, dyrekcja oraz grono pedagogiczne Szko\u0142y Podstawowej Nr 2 wraz z grup\u0105 m\u0142odzie\u017cy.<\/p>\n<p>To ju\u017c kolejne miejsce w Nowej Rudzie, w kt\u00f3rym upa\u00admi\u0119tniono tego matematyka. 2\u00a0czerwca 2017 r. w Liceum Og\u00f3lnokszta\u0142c\u0105cym im. Henryka Sienkiewicza w Nowej Rudzie ods\u0142oni\u0119ta zosta\u0142a tablica po\u015bwi\u0119cona profesorowi, a na skwerze przy rynku, kt\u00f3ry otrzyma\u0142 imi\u0119 Witolda Rotera, ods\u0142oni\u0119to obelisk z tablic\u0105 pami\u0105tkow\u0105.<\/p>\n<p><a href=\"https:\/\/www.noworudzianin.pl\/WWW\/wp-content\/uploads\/2018\/06\/IMG_8280.jpg\"><img loading=\"lazy\" decoding=\"async\" src=\"https:\/\/www.noworudzianin.pl\/WWW\/wp-content\/uploads\/2018\/06\/IMG_8280-630x420.jpg\" alt=\"\" width=\"630\" height=\"420\" class=\"alignnone size-large wp-image-9117\" srcset=\"https:\/\/www.noworudzianin.pl\/WWW\/wp-content\/uploads\/2018\/06\/IMG_8280-630x420.jpg 630w, https:\/\/www.noworudzianin.pl\/WWW\/wp-content\/uploads\/2018\/06\/IMG_8280-300x200.jpg 300w, https:\/\/www.noworudzianin.pl\/WWW\/wp-content\/uploads\/2018\/06\/IMG_8280-768x512.jpg 768w\" sizes=\"(max-width: 630px) 100vw, 630px\" \/><\/a><\/p>\n<p><a href=\"https:\/\/www.noworudzianin.pl\/WWW\/wp-content\/uploads\/2018\/06\/IMG_8296.jpg\"><img loading=\"lazy\" decoding=\"async\" src=\"https:\/\/www.noworudzianin.pl\/WWW\/wp-content\/uploads\/2018\/06\/IMG_8296-630x420.jpg\" alt=\"\" width=\"630\" height=\"420\" class=\"alignnone size-large wp-image-9118\" srcset=\"https:\/\/www.noworudzianin.pl\/WWW\/wp-content\/uploads\/2018\/06\/IMG_8296-630x420.jpg 630w, https:\/\/www.noworudzianin.pl\/WWW\/wp-content\/uploads\/2018\/06\/IMG_8296-300x200.jpg 300w, https:\/\/www.noworudzianin.pl\/WWW\/wp-content\/uploads\/2018\/06\/IMG_8296-768x512.jpg 768w\" sizes=\"(max-width: 630px) 100vw, 630px\" \/><\/a><\/p>\n<p align=\"center\"><span style=\"color: #0000ff;\">Str. 3 w numerze 335 tygodnika \u201eNoworudzianin\u201d dost\u0119pny w<\/span> <a href=\"https:\/\/www.noworudzianin.pl\/WWW\/archiwum\/rok-2018-numery-od-312-do-362\/\" target=\"_blank\">archiwum<\/a>.<\/p>\n<p><script language=\"JavaScript\">\n<!--\nfunction FP_swapImg() {\/\/v1.0\n var doc=document,args=arguments,elm,n; doc.$imgSwaps=new Array(); for(n=2; n<args.length;\n n+=2) { elm=FP_getObjectByID(args[n]); if(elm) { doc.$imgSwaps[doc.$imgSwaps.length]=elm;\n elm.$src=elm.src; elm.src=args[n+1]; } }\n}\nfunction FP_preloadImgs() {\/\/v1.0\n var d=document,a=arguments; if(!d.FP_imgs) d.FP_imgs=new Array();\n for(var i=0; i<a.length; i++) { d.FP_imgs[i]=new Image; d.FP_imgs[i].src=a[i]; }\n}\nfunction FP_getObjectByID(id,o) {\/\/v1.0\n var c,el,els,f,m,n; if(!o)o=document; if(o.getElementById) el=o.getElementById(id);\n else if(o.layers) c=o.layers; else if(o.all) el=o.all[id]; if(el) return el;\n if(o.id==id || o.name==id) return o; if(o.childNodes) c=o.childNodes; if(c)\n for(n=0; n<c.length; n++) { el=FP_getObjectByID(id,c[n]); if(el) return el; }\n f=o.forms; if(f) for(n=0; n<f.length; n++) { els=f[n].elements;\n for(m=0; m<els.length; m++){ el=FP_getObjectByID(id,els[n]); if(el) return el; } }\n return null;\n}\n\/\/ -->\n<\/script><br \/>\n<body onload=\"FP_preloadImgs(\/*url*\/'http:\/\/www.noworudzianin.pl\/WWW\/images\/button53.jpg', \/*url*\/'http:\/\/www.noworudzianin.pl\/WWW\/images\/button52.jpg')\"><\/p>\n<p align=\"center\">\n\t\t\t<a target=\"_blank\" href=\"http:\/\/www.noworudzianin.pl\/WWW\/images\/335_b.jpg\"><br \/>\n\t\t\t<img loading=\"lazy\" decoding=\"async\" border=\"1\" src=\"http:\/\/www.noworudzianin.pl\/WWW\/images\/335_b_small.jpg\" width=\"221\" height=\"300\"><\/a><br \/>\n\t\t\t<font face=\"Verdana\">Numer 335<br \/>\n\t\t\t<font size=\"2\">22-28 czerwca 2018 r.<\/font><\/font><br \/><a title=\"pobierz e-gazet\u0119\" onclick=\"window.open('\/egazeta\/index.php?n=335','Pobierz_egazete', 'menubar=no,toolbar=no,location=no,directories=no,status=no,scrollbars=no,resizable=no,fullscreen=no,channelmode=no,width=400,height=400').focus(); return false()\"><img loading=\"lazy\" decoding=\"async\" border=\"0\" id=\"img62\" src=\"http:\/\/www.noworudzianin.pl\/WWW\/images\/button51.jpg\" height=\"30\" width=\"150\" alt=\"Pobierz tutaj (pdf)\" onmouseover=\"FP_swapImg(1,0,\/*id*\/'img62',\/*url*\/'http:\/\/www.noworudzianin.pl\/WWW\/images\/button52.jpg')\" onmouseout=\"FP_swapImg(0,0,\/*id*\/'img62',\/*url*\/'http:\/\/www.noworudzianin.pl\/WWW\/images\/button51.jpg')\" onmousedown=\"FP_swapImg(1,0,\/*id*\/'img62',\/*url*\/'http:\/\/www.noworudzianin.pl\/WWW\/images\/button53.jpg')\" onmouseup=\"FP_swapImg(0,0,\/*id*\/'img62',\/*url*\/'http:\/\/www.noworudzianin.pl\/WWW\/images\/button52.jpg')\" fp-style=\"fp-btn: Glass Rectangle 1; fp-font-size: 12; fp-orig: 0\" fp-title=\"Pobierz tutaj (pdf)\"><\/a><\/p>\n","protected":false},"excerpt":{"rendered":"<p>W czwartek 14 czerwca, z inicjatywy grupy by\u0142ych wychowank\u00f3w, na terenie Szko\u0142y Podstawowej nr 2 w Nowej Rudzie ods\u0142oni\u0119to obelisk<\/p>\n","protected":false},"author":4,"featured_media":9116,"comment_status":"open","ping_status":"closed","sticky":false,"template":"","format":"standard","meta":{"om_disable_all_campaigns":false,"_monsterinsights_skip_tracking":false,"_monsterinsights_sitenote_active":false,"_monsterinsights_sitenote_note":"","_monsterinsights_sitenote_category":0,"_uf_show_specific_survey":0,"_uf_disable_surveys":false,"footnotes":""},"categories":[2,1747,6,128],"tags":[20,5,2644,462,2676],"aioseo_notices":[],"amp_enabled":true,"_links":{"self":[{"href":"https:\/\/www.noworudzianin.pl\/WWW\/wp-json\/wp\/v2\/posts\/9096"}],"collection":[{"href":"https:\/\/www.noworudzianin.pl\/WWW\/wp-json\/wp\/v2\/posts"}],"about":[{"href":"https:\/\/www.noworudzianin.pl\/WWW\/wp-json\/wp\/v2\/types\/post"}],"author":[{"embeddable":true,"href":"https:\/\/www.noworudzianin.pl\/WWW\/wp-json\/wp\/v2\/users\/4"}],"replies":[{"embeddable":true,"href":"https:\/\/www.noworudzianin.pl\/WWW\/wp-json\/wp\/v2\/comments?post=9096"}],"version-history":[{"count":2,"href":"https:\/\/www.noworudzianin.pl\/WWW\/wp-json\/wp\/v2\/posts\/9096\/revisions"}],"predecessor-version":[{"id":9120,"href":"https:\/\/www.noworudzianin.pl\/WWW\/wp-json\/wp\/v2\/posts\/9096\/revisions\/9120"}],"wp:featuredmedia":[{"embeddable":true,"href":"https:\/\/www.noworudzianin.pl\/WWW\/wp-json\/wp\/v2\/media\/9116"}],"wp:attachment":[{"href":"https:\/\/www.noworudzianin.pl\/WWW\/wp-json\/wp\/v2\/media?parent=9096"}],"wp:term":[{"taxonomy":"category","embeddable":true,"href":"https:\/\/www.noworudzianin.pl\/WWW\/wp-json\/wp\/v2\/categories?post=9096"},{"taxonomy":"post_tag","embeddable":true,"href":"https:\/\/www.noworudzianin.pl\/WWW\/wp-json\/wp\/v2\/tags?post=9096"}],"curies":[{"name":"wp","href":"https:\/\/api.w.org\/{rel}","templated":true}]}}