{"id":9100,"date":"2018-06-21T12:16:49","date_gmt":"2018-06-21T10:16:49","guid":{"rendered":"https:\/\/www.noworudzianin.pl\/WWW\/?p=9100"},"modified":"2018-06-21T12:16:49","modified_gmt":"2018-06-21T10:16:49","slug":"tragedia-na-ul-slupieckiej","status":"publish","type":"post","link":"https:\/\/www.noworudzianin.pl\/WWW\/2018\/06\/21\/tragedia-na-ul-slupieckiej\/","title":{"rendered":"Tragedia na ul. S\u0142upieckiej"},"content":{"rendered":"<p>Trzy osoby nie \u017cyj\u0105, a dwie trafi\u0142y do szpitala po\u00a0wypadku, do kt\u00f3rego dosz\u0142o w pi\u0105tek 15 czerwca ok. godz. 3.50 na ul. S\u0142upieckiej w Nowej Rudzie<\/p>\n<p>Oko\u0142o godziny 3.50 na ul. S\u0142upieckiej w Nowej Rudzie dosz\u0142o do tragicznego wypadku. Ze wst\u0119pnych ustale\u0144 policji wynika, \u017ce kieruj\u0105cy samochodem osobowym Volkswagen Golf nie zapanowa\u0142 nad pojazdem i zderzy\u0142 si\u0119 z nadje\u017cd\u017caj\u0105cym z naprzeciwka samochodem ci\u0119\u017carowym marki Volvo, kt\u00f3rym kierowa\u0142 obywatel Czech.<br \/>\n\u2013 W wyniku zderzenia, trzech m\u0142odych m\u0119\u017cczyzn z samochodu osobowego ponios\u0142o \u015bmier\u0107 na miejscu, a dw\u00f3ch przewieziono do szpitala \u2013 m\u00f3wi podinspektor Wioletta Martuszewska, oficer prasowy k\u0142odzkiej policji.<br \/>\nNa miejscu zdarzenia policja wraz ze s\u0142u\u017cbami przeprowadza\u0142a czynno\u015bci pod nadzorem prokuratora, a ruch odbywa\u0142 si\u0119 wahad\u0142owo.<br \/>\n\u2013 Przypominamy i ostrzegamy: nadmierna pr\u0119dko\u015b\u0107, to jedna z najcz\u0119stszych przyczyn tragicznych w skutkach wypadk\u00f3w drogowych. Dlatego apelujemy do wszystkich kieruj\u0105cych o rozs\u0105dek i rozwag\u0119 na drodze! \u2013 dodaje policjantka.<\/p>\n<p><strong>Oczami stra\u017cak\u00f3w<\/strong><br \/>\nPo przybyciu na miejsce zdarzenia stra\u017cak\u00f3w i przeprowadzeniu wst\u0119pnego rozpoznania ustalono, \u017ce dosz\u0142o do zderzenia samochodu osobowego VW Golf z samochodem ci\u0119\u017carowym z naczep\u0105 Volvo 420. Pas drogi z K\u0142odzka w kierunku Wa\u0142brzycha by\u0142 zablokowany przez wraki. W wyniku zaistnia\u0142ego zdarzenia samoch\u00f3d marki Volkswagen zosta\u0142 rozerwany na dwie cz\u0119\u015bci oddalone od siebie o ok. 10 m. Przednia cz\u0119\u015b\u0107 Golfa i ci\u0119\u017car\u00f3wka znajdowa\u0142y si\u0119 na jednym pasie drogi, natomiast ty\u0142 samochodu osobowego znajdowa\u0142 si\u0119 w przydro\u017cnym rowie. Wszystkie osoby, kt\u00f3re podr\u00f3\u017cowa\u0142y Volkswagenem znajdowa\u0142y si\u0119 na zewn\u0105trz [\u2026.]. Dwie osoby mia\u0142y zachowane funkcje \u017cyciowe i by\u0142y przytomne z licznymi obra\u017ceniami cia\u0142a. Pozosta\u0142e trzy osoby nie mia\u0142y zachowanych funkcji \u017cyciowych. [\u2026] Kierowca samochodu ci\u0119\u017carowego nie odni\u00f3s\u0142 \u017cadnych obra\u017ce\u0144.<\/p>\n<p><strong>Spraw\u0119 bada prokuratura<\/strong><br \/>\nRzecznik prasowy Prokuratury Okr\u0119gowej w \u015awidnicy Tomasz Orepuk wyja\u015bnia, \u017ce ze wst\u0119pnych ustale\u0144 wynika, i\u017c przyczyn\u0105 wypadku by\u0142a du\u017ca pr\u0119dko\u015b\u0107.<\/p>\n<p>\u2013 Z naszych ustale\u0144 wynika, \u017ce pi\u0119ciu m\u0142odych m\u0119\u017cczyzn w wieku od 19 do 23 lat, najprawdopodobniej jecha\u0142o bardzo szybko na drodze, gdzie obowi\u0105zuje ograniczenie pr\u0119dko\u015bci do 40 km\/h. W pewnym momencie kierowca nie opanowa\u0142 pojazdu i uderzy\u0142 w wysepk\u0119, zjecha\u0142 na przeciwleg\u0142y pas ruchu i zderzy\u0142 si\u0119 z prawid\u0142owo jad\u0105cym ci\u0105gnikiem siod\u0142owym, kierowanym przez czeskiego kierowc\u0119, kt\u00f3ry zosta\u0142 przes\u0142uchany w charakterze \u015bwiadka \u2013 m\u00f3wi prokurator Tomasz Orepuk. \u2013 Z pi\u0105tki m\u0142odych ludzi, trzech zgin\u0119\u0142o, dw\u00f3ch na miejscu, trzeci w trakcie reanimacji, natomiast dw\u00f3ch w stanie ci\u0119\u017ckim zosta\u0142o odwiezionych do Specjalistycznego Centrum Medycznego w Polanicy-Zdroju \u2013 dodaje.<\/p>\n<p><strong>Publikujemy jeden z komentarzy<\/strong> z <a href=\"http:\/\/www.facebook.com\/Noworudzianin\" target=\"_blank\">www.facebook.com\/Noworudzianin<\/a>:<br \/>\nWczoraj, 15.06.2018 roku sta\u0142a si\u0119 ogromna tragedia. W\u00a0straszliwym wypadku zgin\u0119li m\u0142odzi ch\u0142opcy, kt\u00f3rzy dopiero zaczynali \u017cy\u0107, inni walcz\u0105 o\u00a0\u017cycie. Nie wyobra\u017cam sobie b\u00f3lu rodzic\u00f3w i\u00a0rodzin. \u017baden rodzic nie powinien do\u015bwiadczy\u0107 tego, czego do\u015bwiadczaj\u0105 teraz oni. \u0141zy mi si\u0119 lej\u0105, kiedy pr\u00f3buj\u0119 o\u00a0nich pomy\u015ble\u0107. Mieszkamy w\u00a0ma\u0142ej spo\u0142eczno\u015bci&#8230; ka\u017cdy zna kogo\u015b zwi\u0105zanego z\u00a0t\u0105 tragedi\u0105&#8230; ch\u0142opak\u00f3w, rodzic\u00f3w, rodziny albo ich znajomych czy chocia\u017c znajomych znajomych. Wpis ten chcia\u0142am skierowa\u0107 przede wszystkim do tych ostatnich&#8230; koleg\u00f3w, kole\u017canek. M\u0142odo\u015b\u0107 rz\u0105dzi si\u0119 swoimi prawami, to jest rzecz oczywista. Szukacie swojego miejsca w\u00a0tej ca\u0142ej uk\u0142adance, nie zawsze macie sprecyzowane plany na siebie, rozwijacie swoje pasje, zainteresowania, hobby&#8230; bardzo wa\u017cne jest dla Was spo\u0142eczne uznanie, g\u0142\u00f3wnie uznanie r\u00f3wie\u015bnik\u00f3w. Dziewczyny staraj\u0105 si\u0119 perfekcyjnie wygl\u0105da\u0107, ch\u0142opaki chc\u0105 by\u0107 niezniszczalnymi kozakami. Zawsze dziwi\u0142o mnie dlaczego na imprezach najbardziej podziwiano tego, kto najbardziej si\u0119 \u201enawszystkowa\u0142\u201d&#8230; to chyba nie by\u0142 pierwotny cel spotkania? Wszystko jest dla ludzi, ale czy ja potrzebuj\u0119 kieliszek, pi\u0119\u0107, litr czy dwa, to s\u0105 indywidualne preferencje. Nie wiem czy lepiej bawi si\u0119 ten, kto ma dobry humor i\u00a0wr\u00f3ci do domu z\u00a0mas\u0105 wspomnie\u0144, czy ten kto prze\u015bpi w\u00a0k\u0105cie ca\u0142\u0105 imprez\u0119. Wiem na pewno, ze balansowanie na granicy jest mega ekscytuj\u0105ce&#8230; adrenalina i\u00a0te komentarze kumpli&#8230; wspomnienia, ale nie zawsze nasze&#8230; wiem te\u017c na pewno, \u017ce ci z\u00a0najwi\u0119kszym baga\u017cem takich \u201ewspomnie\u0144\u201d ju\u017c dawno odeszli, a\u00a0ci kt\u00f3rzy mieli wi\u0119cej szcz\u0119\u015bcia z\u00a0biegiem lat nie s\u0105 ju\u017c tacy zajebi*ci&#8230; to s\u0105 ci jegomo\u015bcie, co to 2 z\u0142 zawsze potrzebuj\u0105 (na chleb oczywi\u015bcie&#8230;), zazwyczaj wody ani myd\u0142a po kilka dni nie widzieli, a\u00a0ubra\u0144 nie pior\u0105, bo przecie\u017c i\u00a0tak si\u0119 wybrudz\u0105. W\u00a0czasach \u015bwietno\u015bci to oni byli prawdziwymi kozakami. My\u015bl\u0119, \u017ce \u017caden\/\u017cadna z\u00a0Was akurat tego w\u00a0planach na przysz\u0142o\u015b\u0107 teraz nie ma. Wasi rodzice co drugiego widz\u0105 w\u00a0kitlu lekarskim, na stanowisku dyrektora czy prywatnego przedsi\u0119biorcy za kilka lat&#8230; i\u00a0wiecie co&#8230; to wszystko jest mo\u017cliwe, ale tylko dzi\u0119ki Wam&#8230; rodzice za Was tego nie osi\u0105gn\u0105, a\u00a0samo si\u0119 te\u017c nie zrobi. Miejcie pasje, bawcie si\u0119 dobrze, tak \u017ceby wstyd by\u0142o opowiada\u0107, ale miejcie te\u017c hamulce. Balansowanie na granicy bezpiecze\u0144stwa niesie du\u017co adrenaliny, ale nie jeste\u015bcie nie\u015bmiertelni. Wasi przyjaciele, koledzy, znajomi, ci ch\u0142opcy&#8230; oni si\u0119 o\u00a0tym przekonali. Du\u017co os\u00f3b pr\u00f3buje szuka\u0107 winnych&#8230; \u201esami s\u0105 sobie winni\u201d, \u201egdzie byli rodzice\u201d, \u201ekierowca by\u0142 pijany, za\u0107pany, a\u00a0w\u00a0dodatku to jego urodziny \u015bwi\u0119towali\u201d&#8230; a\u00a0moim zdaniem to MY WSZYSCY jeste\u015bmy winni&#8230; ja, Ty, on i\u00a0ona&#8230; bo przecie\u017c komu oni chcieli zaimponowa\u0107? Komu mieli opowiada\u0107 o\u00a0swoich podbojach? Tym wszystkim, kt\u00f3rzy ich mieli za to podziwia\u0107&#8230;<br \/>\nI pami\u0119tajcie, \u017ce te\u017c macie rodzic\u00f3w, rodziny, znajomych&#8230; po co komu wyrazy wsp\u00f3\u0142czucia?<br \/>\nOna Nieznajoma<\/p>\n<p align=\"center\"><span style=\"color: #0000ff;\">Str. 9 w numerze 335 tygodnika \u201eNoworudzianin\u201d dost\u0119pny w<\/span> <a href=\"https:\/\/www.noworudzianin.pl\/WWW\/archiwum\/rok-2018-numery-od-312-do-362\/\" target=\"_blank\">archiwum<\/a>.<\/p>\n<p><script language=\"JavaScript\">\n<!--\nfunction FP_swapImg() {\/\/v1.0\n var doc=document,args=arguments,elm,n; doc.$imgSwaps=new Array(); for(n=2; n<args.length;\n n+=2) { elm=FP_getObjectByID(args[n]); if(elm) { doc.$imgSwaps[doc.$imgSwaps.length]=elm;\n elm.$src=elm.src; elm.src=args[n+1]; } }\n}\nfunction FP_preloadImgs() {\/\/v1.0\n var d=document,a=arguments; if(!d.FP_imgs) d.FP_imgs=new Array();\n for(var i=0; i<a.length; i++) { d.FP_imgs[i]=new Image; d.FP_imgs[i].src=a[i]; }\n}\nfunction FP_getObjectByID(id,o) {\/\/v1.0\n var c,el,els,f,m,n; if(!o)o=document; if(o.getElementById) el=o.getElementById(id);\n else if(o.layers) c=o.layers; else if(o.all) el=o.all[id]; if(el) return el;\n if(o.id==id || o.name==id) return o; if(o.childNodes) c=o.childNodes; if(c)\n for(n=0; n<c.length; n++) { el=FP_getObjectByID(id,c[n]); if(el) return el; }\n f=o.forms; if(f) for(n=0; n<f.length; n++) { els=f[n].elements;\n for(m=0; m<els.length; m++){ el=FP_getObjectByID(id,els[n]); if(el) return el; } }\n return null;\n}\n\/\/ -->\n<\/script><br \/>\n<body onload=\"FP_preloadImgs(\/*url*\/'http:\/\/www.noworudzianin.pl\/WWW\/images\/button53.jpg', \/*url*\/'http:\/\/www.noworudzianin.pl\/WWW\/images\/button52.jpg')\"><\/p>\n<p align=\"center\">\n\t\t\t<a target=\"_blank\" href=\"http:\/\/www.noworudzianin.pl\/WWW\/images\/335_b.jpg\"><br \/>\n\t\t\t<img loading=\"lazy\" decoding=\"async\" border=\"1\" src=\"http:\/\/www.noworudzianin.pl\/WWW\/images\/335_b_small.jpg\" width=\"221\" height=\"300\"><\/a><br \/>\n\t\t\t<font face=\"Verdana\">Numer 335<br \/>\n\t\t\t<font size=\"2\">22-28 czerwca 2018 r.<\/font><\/font><br \/><a title=\"pobierz e-gazet\u0119\" onclick=\"window.open('\/egazeta\/index.php?n=335','Pobierz_egazete', 'menubar=no,toolbar=no,location=no,directories=no,status=no,scrollbars=no,resizable=no,fullscreen=no,channelmode=no,width=400,height=400').focus(); return false()\"><img loading=\"lazy\" decoding=\"async\" border=\"0\" id=\"img62\" src=\"http:\/\/www.noworudzianin.pl\/WWW\/images\/button51.jpg\" height=\"30\" width=\"150\" alt=\"Pobierz tutaj (pdf)\" onmouseover=\"FP_swapImg(1,0,\/*id*\/'img62',\/*url*\/'http:\/\/www.noworudzianin.pl\/WWW\/images\/button52.jpg')\" onmouseout=\"FP_swapImg(0,0,\/*id*\/'img62',\/*url*\/'http:\/\/www.noworudzianin.pl\/WWW\/images\/button51.jpg')\" onmousedown=\"FP_swapImg(1,0,\/*id*\/'img62',\/*url*\/'http:\/\/www.noworudzianin.pl\/WWW\/images\/button53.jpg')\" onmouseup=\"FP_swapImg(0,0,\/*id*\/'img62',\/*url*\/'http:\/\/www.noworudzianin.pl\/WWW\/images\/button52.jpg')\" fp-style=\"fp-btn: Glass Rectangle 1; fp-font-size: 12; fp-orig: 0\" fp-title=\"Pobierz tutaj (pdf)\"><\/a><\/p>\n","protected":false},"excerpt":{"rendered":"<p>Trzy osoby nie \u017cyj\u0105, a dwie trafi\u0142y do szpitala po\u00a0wypadku, do kt\u00f3rego dosz\u0142o w pi\u0105tek 15 czerwca ok. godz. 3.50<\/p>\n","protected":false},"author":4,"featured_media":8387,"comment_status":"open","ping_status":"closed","sticky":false,"template":"","format":"standard","meta":{"om_disable_all_campaigns":false,"_monsterinsights_skip_tracking":false,"_monsterinsights_sitenote_active":false,"_monsterinsights_sitenote_note":"","_monsterinsights_sitenote_category":0,"_uf_show_specific_survey":0,"_uf_disable_surveys":false,"footnotes":""},"categories":[2,6,376,23,1990],"tags":[20,5,2644,2673],"aioseo_notices":[],"amp_enabled":true,"_links":{"self":[{"href":"https:\/\/www.noworudzianin.pl\/WWW\/wp-json\/wp\/v2\/posts\/9100"}],"collection":[{"href":"https:\/\/www.noworudzianin.pl\/WWW\/wp-json\/wp\/v2\/posts"}],"about":[{"href":"https:\/\/www.noworudzianin.pl\/WWW\/wp-json\/wp\/v2\/types\/post"}],"author":[{"embeddable":true,"href":"https:\/\/www.noworudzianin.pl\/WWW\/wp-json\/wp\/v2\/users\/4"}],"replies":[{"embeddable":true,"href":"https:\/\/www.noworudzianin.pl\/WWW\/wp-json\/wp\/v2\/comments?post=9100"}],"version-history":[{"count":1,"href":"https:\/\/www.noworudzianin.pl\/WWW\/wp-json\/wp\/v2\/posts\/9100\/revisions"}],"predecessor-version":[{"id":9106,"href":"https:\/\/www.noworudzianin.pl\/WWW\/wp-json\/wp\/v2\/posts\/9100\/revisions\/9106"}],"wp:featuredmedia":[{"embeddable":true,"href":"https:\/\/www.noworudzianin.pl\/WWW\/wp-json\/wp\/v2\/media\/8387"}],"wp:attachment":[{"href":"https:\/\/www.noworudzianin.pl\/WWW\/wp-json\/wp\/v2\/media?parent=9100"}],"wp:term":[{"taxonomy":"category","embeddable":true,"href":"https:\/\/www.noworudzianin.pl\/WWW\/wp-json\/wp\/v2\/categories?post=9100"},{"taxonomy":"post_tag","embeddable":true,"href":"https:\/\/www.noworudzianin.pl\/WWW\/wp-json\/wp\/v2\/tags?post=9100"}],"curies":[{"name":"wp","href":"https:\/\/api.w.org\/{rel}","templated":true}]}}