{"id":9518,"date":"2018-07-26T12:47:07","date_gmt":"2018-07-26T10:47:07","guid":{"rendered":"https:\/\/www.noworudzianin.pl\/WWW\/?p=9518"},"modified":"2018-07-26T12:47:07","modified_gmt":"2018-07-26T10:47:07","slug":"cena-zaporowa","status":"publish","type":"post","link":"https:\/\/www.noworudzianin.pl\/WWW\/2018\/07\/26\/cena-zaporowa\/","title":{"rendered":"Cena zaporowa"},"content":{"rendered":"<p>Przed dwoma tygodniami informowali\u015bmy Czytelnik\u00f3w o trwaj\u0105cej odbudowie wie\u017cy widokowej na G\u00f3rze W\u0142odzickiej. Niestety, jak na razie nie mo\u017cemy napisa\u0107 o rozpocz\u0119ciu prac zwi\u0105zanych z modernizacj\u0105 by\u0142ego szybu \u201eNowy I\u201d w S\u0142upcu. Kwota jak\u0105 zaproponowa\u0142a jedyna firma, kt\u00f3ra przyst\u0105pi\u0142a do przetargu jest zaporowa<\/p>\n<p>W ramach projektu \u201ePolsko-Czeski Szlak Grzbietowy \u2013 cz\u0119\u015b\u0107 wschodnia\u201d, na szczycie by\u0142ego szybu ma powsta\u0107 przeszklony taras widokowy, planowany jest monta\u017c windy wewn\u0119trznej i budowa klatki schodowej na zewn\u0105trz. W ramach zadania stworzona zostanie te\u017c niezb\u0119dna infrastruktura do obs\u0142ugi ruchu turystycznego. Podobnie jak w przypadku basenu, pierwszy przetarg zosta\u0142 uniewa\u017cniony. Do powt\u00f3rzonego przetargu zg\u0142osi\u0142a si\u0119 wy\u0142\u0105cznie firma budowlana z Walimia. Kwota, jak\u0105 zaproponowa\u0142a za wykonanie prac, wynosi\u0142a 8.693.020,97 z\u0142. Miasto na ten cel dysponuje kwot\u0105 3.254.333,00 z\u0142, w czym 85% to \u015brodki pochodz\u0105ce z funduszy unijnych.<\/p>\n<p>\u2013 Na og\u0142oszony prze nas przetarg wp\u0142yn\u0119\u0142a oferta jednej firmy, ale kwota przez ni\u0105 zaproponowana, by\u0142a blisko trzykrotnie wy\u017csza, ni\u017c \u015brodki, jakimi na ten cel dysponujemy. Przetarg zosta\u0142 uniewa\u017cniony i og\u0142oszony kolejny. Liczymy, \u017ce by\u0107 mo\u017ce zawi\u0105\u017ce si\u0119 jakie\u015b konsorcjum z udzia\u0142em noworudzkich firm, kt\u00f3re podejmie si\u0119 tego zadania \u2013 wyja\u015bnia Roman Kaczmarek, naczelnik Wydzia\u0142u Rozwoju i Inwestycji Urz\u0119du Miasta w Nowej Rudzie.<\/p>\n<p>W ubieg\u0142ych latach noworudzcy samorz\u0105dowcy, jako inwestorzy, przyzwyczaili si\u0119 do du\u017cego zainteresowania firm robotami budowlanymi oraz do oszcz\u0119dno\u015bci, pojawiaj\u0105cych si\u0119 po przeprowadzeniu przetarg\u00f3w. Obecnie jednak mamy do czynienia z rynkiem wykonawc\u00f3w i to oni dyktuj\u0105 warunki. Nie tylko nasz samorz\u0105d musi sobie radzi\u0107 z problemami, gdy do przetargu nie zg\u0142asza si\u0119 \u017cadna firma lub oferty znacznie przewy\u017cszaj\u0105 zagwarantowane w bud\u017cetach \u015brodki.<\/p>\n<p><a href=\"https:\/\/www.noworudzianin.pl\/WWW\/wp-content\/uploads\/2018\/07\/Wizualizacja-Nowa-Ruda.jpg\"><img loading=\"lazy\" decoding=\"async\" src=\"https:\/\/www.noworudzianin.pl\/WWW\/wp-content\/uploads\/2018\/07\/Wizualizacja-Nowa-Ruda-630x1024.jpg\" alt=\"\" width=\"630\" height=\"1024\" class=\"alignnone size-large wp-image-9568\" srcset=\"https:\/\/www.noworudzianin.pl\/WWW\/wp-content\/uploads\/2018\/07\/Wizualizacja-Nowa-Ruda-630x1024.jpg 630w, https:\/\/www.noworudzianin.pl\/WWW\/wp-content\/uploads\/2018\/07\/Wizualizacja-Nowa-Ruda-185x300.jpg 185w, https:\/\/www.noworudzianin.pl\/WWW\/wp-content\/uploads\/2018\/07\/Wizualizacja-Nowa-Ruda-768x1249.jpg 768w\" sizes=\"(max-width: 630px) 100vw, 630px\" \/><\/a><\/p>\n<p align=\"center\"><span style=\"color: #0000ff;\">Str. 5 w numerze 340 tygodnika \u201eNoworudzianin\u201d dost\u0119pny w<\/span> <a href=\"https:\/\/www.noworudzianin.pl\/WWW\/archiwum\/rok-2018-numery-od-312-do-362\/\" target=\"_blank\">archiwum<\/a>.<\/p>\n<p><script language=\"JavaScript\">\n<!--\nfunction FP_swapImg() {\/\/v1.0\n var doc=document,args=arguments,elm,n; doc.$imgSwaps=new Array(); for(n=2; n<args.length;\n n+=2) { elm=FP_getObjectByID(args[n]); if(elm) { doc.$imgSwaps[doc.$imgSwaps.length]=elm;\n elm.$src=elm.src; elm.src=args[n+1]; } }\n}\nfunction FP_preloadImgs() {\/\/v1.0\n var d=document,a=arguments; if(!d.FP_imgs) d.FP_imgs=new Array();\n for(var i=0; i<a.length; i++) { d.FP_imgs[i]=new Image; d.FP_imgs[i].src=a[i]; }\n}\nfunction FP_getObjectByID(id,o) {\/\/v1.0\n var c,el,els,f,m,n; if(!o)o=document; if(o.getElementById) el=o.getElementById(id);\n else if(o.layers) c=o.layers; else if(o.all) el=o.all[id]; if(el) return el;\n if(o.id==id || o.name==id) return o; if(o.childNodes) c=o.childNodes; if(c)\n for(n=0; n<c.length; n++) { el=FP_getObjectByID(id,c[n]); if(el) return el; }\n f=o.forms; if(f) for(n=0; n<f.length; n++) { els=f[n].elements;\n for(m=0; m<els.length; m++){ el=FP_getObjectByID(id,els[n]); if(el) return el; } }\n return null;\n}\n\/\/ -->\n<\/script><br \/>\n<body onload=\"FP_preloadImgs(\/*url*\/'http:\/\/www.noworudzianin.pl\/WWW\/images\/button53.jpg', \/*url*\/'http:\/\/www.noworudzianin.pl\/WWW\/images\/button52.jpg')\"><\/p>\n<p align=\"center\">\n\t\t\t<a target=\"_blank\" href=\"http:\/\/www.noworudzianin.pl\/WWW\/images\/340_b.jpg\"><br \/>\n\t\t\t<img loading=\"lazy\" decoding=\"async\" border=\"1\" src=\"http:\/\/www.noworudzianin.pl\/WWW\/images\/340_b_small.jpg\" width=\"221\" height=\"300\"><\/a><br \/>\n\t\t\t<font face=\"Verdana\">Numer 340<br \/>\n\t\t\t<font size=\"2\">27 lipca &#8211; 2 sierpnia 2018 r.<\/font><\/font><br \/><a title=\"pobierz e-gazet\u0119\" onclick=\"window.open('\/egazeta\/index.php?n=340','Pobierz_egazete', 'menubar=no,toolbar=no,location=no,directories=no,status=no,scrollbars=no,resizable=no,fullscreen=no,channelmode=no,width=400,height=400').focus(); return false()\"><img loading=\"lazy\" decoding=\"async\" border=\"0\" id=\"img62\" src=\"http:\/\/www.noworudzianin.pl\/WWW\/images\/button51.jpg\" height=\"30\" width=\"150\" alt=\"Pobierz tutaj (pdf)\" onmouseover=\"FP_swapImg(1,0,\/*id*\/'img62',\/*url*\/'http:\/\/www.noworudzianin.pl\/WWW\/images\/button52.jpg')\" onmouseout=\"FP_swapImg(0,0,\/*id*\/'img62',\/*url*\/'http:\/\/www.noworudzianin.pl\/WWW\/images\/button51.jpg')\" onmousedown=\"FP_swapImg(1,0,\/*id*\/'img62',\/*url*\/'http:\/\/www.noworudzianin.pl\/WWW\/images\/button53.jpg')\" onmouseup=\"FP_swapImg(0,0,\/*id*\/'img62',\/*url*\/'http:\/\/www.noworudzianin.pl\/WWW\/images\/button52.jpg')\" fp-style=\"fp-btn: Glass Rectangle 1; fp-font-size: 12; fp-orig: 0\" fp-title=\"Pobierz tutaj (pdf)\"><\/a><\/p>\n","protected":false},"excerpt":{"rendered":"<p>Przed dwoma tygodniami informowali\u015bmy Czytelnik\u00f3w o trwaj\u0105cej odbudowie wie\u017cy widokowej na G\u00f3rze W\u0142odzickiej. Niestety, jak na razie nie mo\u017cemy napisa\u0107<\/p>\n","protected":false},"author":4,"featured_media":9569,"comment_status":"open","ping_status":"closed","sticky":false,"template":"","format":"standard","meta":{"om_disable_all_campaigns":false,"_monsterinsights_skip_tracking":false,"_monsterinsights_sitenote_active":false,"_monsterinsights_sitenote_note":"","_monsterinsights_sitenote_category":0,"_uf_show_specific_survey":0,"_uf_disable_surveys":false,"footnotes":""},"categories":[2,6,23,46,146],"tags":[2914,2838,20,5,2902],"aioseo_notices":[],"amp_enabled":true,"_links":{"self":[{"href":"https:\/\/www.noworudzianin.pl\/WWW\/wp-json\/wp\/v2\/posts\/9518"}],"collection":[{"href":"https:\/\/www.noworudzianin.pl\/WWW\/wp-json\/wp\/v2\/posts"}],"about":[{"href":"https:\/\/www.noworudzianin.pl\/WWW\/wp-json\/wp\/v2\/types\/post"}],"author":[{"embeddable":true,"href":"https:\/\/www.noworudzianin.pl\/WWW\/wp-json\/wp\/v2\/users\/4"}],"replies":[{"embeddable":true,"href":"https:\/\/www.noworudzianin.pl\/WWW\/wp-json\/wp\/v2\/comments?post=9518"}],"version-history":[{"count":1,"href":"https:\/\/www.noworudzianin.pl\/WWW\/wp-json\/wp\/v2\/posts\/9518\/revisions"}],"predecessor-version":[{"id":9570,"href":"https:\/\/www.noworudzianin.pl\/WWW\/wp-json\/wp\/v2\/posts\/9518\/revisions\/9570"}],"wp:featuredmedia":[{"embeddable":true,"href":"https:\/\/www.noworudzianin.pl\/WWW\/wp-json\/wp\/v2\/media\/9569"}],"wp:attachment":[{"href":"https:\/\/www.noworudzianin.pl\/WWW\/wp-json\/wp\/v2\/media?parent=9518"}],"wp:term":[{"taxonomy":"category","embeddable":true,"href":"https:\/\/www.noworudzianin.pl\/WWW\/wp-json\/wp\/v2\/categories?post=9518"},{"taxonomy":"post_tag","embeddable":true,"href":"https:\/\/www.noworudzianin.pl\/WWW\/wp-json\/wp\/v2\/tags?post=9518"}],"curies":[{"name":"wp","href":"https:\/\/api.w.org\/{rel}","templated":true}]}}