{"id":9634,"date":"2018-08-02T13:54:33","date_gmt":"2018-08-02T11:54:33","guid":{"rendered":"https:\/\/www.noworudzianin.pl\/WWW\/?p=9634"},"modified":"2018-08-03T11:20:14","modified_gmt":"2018-08-03T09:20:14","slug":"droga-dziurawa-jak-szwajcarski-ser","status":"publish","type":"post","link":"https:\/\/www.noworudzianin.pl\/WWW\/2018\/08\/02\/droga-dziurawa-jak-szwajcarski-ser\/","title":{"rendered":"Droga dziurawa jak\u00a0szwajcarski ser"},"content":{"rendered":"<p>Droga \u015awierki \u2013 W\u0142odowice mo\u017ce by\u0107 doskona\u0142ym torem dla zawodnik\u00f3w off-road. Mieszka\u0144cy walcz\u0105 o\u00a0remont drogi ju\u017c kilka lat<!--more--><\/p>\n<p>Droga \u015awierki \u2013 W\u0142odowice, to g\u00f3rska, kr\u0119ta droga o d\u0142ugo\u015bci 9,5 km. Wje\u017cd\u017caj\u0105c w \u015awierkach mijamy Dworki, Krajan\u00f3w, Sokolic\u0119 i wyje\u017cd\u017camy we W\u0142odowicach \u2013 w\u0142a\u015bnie mieszka\u0144cy tych miejscowo\u015bci maj\u0105 ogromny problem z dojazdem do swoich dom\u00f3w, poniewa\u017c stan drogi \u2013 kr\u00f3tko m\u00f3wi\u0105c \u2013 jest fatalny. Odpowiedzialnym za drog\u0119 powiatow\u0105 3338D \u015awierki \u2013 W\u0142odowice jest Starostwo Powiatowe w K\u0142odzku. Na nic interwencje mieszka\u0144c\u00f3w, pisma do Zarz\u0105du Dr\u00f3g Powiatowych i Starostwa Powiatowego w K\u0142odzku \u2013 odpowied\u017a jest ci\u0105gle ta sama: brak \u015brodk\u00f3w.<br \/>\n\u2013 Utworzyli\u015bmy na Facebooku <a href=\"https:\/\/www.facebook.com\/groups\/1899377323419061\/\" target=\"_blank\">specjaln\u0105 grup\u0119<\/a>. Liczymy, \u017ce dzi\u0119ki temu, jeszcze wi\u0119cej os\u00f3b dowie si\u0119 o tragicznym stanie dr\u00f3g i o tym, kto za to odpowiada \u2013 m\u00f3wi Dariusz Norek, so\u0142tys Sokolicy. \u2013 Najbardziej nas irytuje, \u017ce zaprzestano w og\u00f3le \u0142atania dziur. Co roku Zarz\u0105d Dr\u00f3g Powiatowych zleca\u0142 \u0142atanie chocia\u017c tych wi\u0119kszych dziur, \u017ce mo\u017cna by\u0142o w miar\u0119 swobodnie samochodem przejecha\u0107. W tym roku nie zrobiono nic. Gdzie\u015b tam od strony Krajanowa po\u0142atano kilka dziur, ale na odcinku Sokolica \u2013 W\u0142odowice zaprzestano jakichkolwiek prac. Na najbardziej zniszczonym odcinku drogi nie zrobiono nic \u2013 dodaje.<\/p>\n<p><center><a href=\"https:\/\/www.facebook.com\/groups\/1899377323419061\/\" target=\"_blank\">GRUPA NA FACEBOOKU<\/a><\/center><\/p>\n<p>Przeje\u017cd\u017caj\u0105c t\u0105 drog\u0105, cz\u0142owiek ma wra\u017cenie jakby cofn\u0105\u0142 si\u0119 przynajmniej o 20 lat. Trzeba mie\u0107 nadziej\u0119, \u017ce stan drogi pozwoli na dojazd w odpowiednim czasie s\u0142u\u017cb ratunkowych.<br \/>\n\u2013 Je\u017celi chodzi o t\u0119 drog\u0119, w tym roku w planach mamy tylko jej bie\u017c\u0105ce utrzymanie, polegaj\u0105ce na uzupe\u0142nianiu ubytk\u00f3w, ale nie nazwa\u0142bym tego remontem. To jest droga o d\u0142ugo\u015bci a\u017c 9,5 km i jej remont b\u0119dzie kosztowa\u0142 sporo pieni\u0119dzy, je\u017celi we\u017amiemy pod uwag\u0119, \u017ce remont 1 km drogi, to kwota prawie1 mln z\u0142 \u2013 t\u0142umaczy Maciej Awi\u017ce\u0144, starosta k\u0142odzki. \u2013 W projekcie bud\u017cetu na przysz\u0142y rok mamy ju\u017c wpisane przygotowanie projektu budowlanego przebudowy drogi i dopiero wtedy b\u0119dziemy musieli organizowa\u0107 jaki\u015b monta\u017c finansowy, bo sami nie ud\u017awigniemy takich koszt\u00f3w \u2013 dodaje.<br \/>\nStarosta my\u015bli tu o rz\u0105dowym programie remontu dr\u00f3g lokalnych, kt\u00f3ry wdro\u017cy\u0142o Ministerstwo Infrastruktury, b\u0105d\u017a te\u017c ze \u015brodk\u00f3w unijnych. Nie ukrywa, \u017ce liczy te\u017c na wsparcie gminy Nowa Ruda. Remont drogi prowadzony b\u0119dzie etapami.<br \/>\n\u2013 W sprawie kolejno\u015bci remontowanych odcink\u00f3w na pewno b\u0119dziemy konsultowali si\u0119 z w\u0142adzami gminy \u2013 reasumuje.<br \/>\nAdrianna Mierzejewska, w\u00f3jt gminy Nowa Ruda, twierdzi, \u017ce w\u0142adze Gminy Nowa Ruda nigdy nie blokowa\u0142y realizacji inwestycji powiatu k\u0142odzkiego na terenie gminy.<br \/>\n\u2013 Niejednokrotnie wspieramy je finansowo, w miar\u0119 swoich mo\u017cliwo\u015bci. Po wsp\u00f3\u0142uczestniczeniu w kosztach remont\u00f3w dr\u00f3g w Nowej Wsi K\u0142odzkiej, Czerwie\u0144czycach, Jugowie, Bo\u017ckowie, Bartnicy i Dzikowcu, mamy nadziej\u0119 na realizacj\u0119 kolejnych inwestycji, poniewa\u017c potrzeby s\u0105 ogromne \u2013 m\u00f3wi Adrianna Mierzejewska. \u2013 Pilnego remontu, poza wspomnian\u0105 drog\u0105 W\u0142odowice \u2013 \u015awierki, wymagaj\u0105 cho\u0107by drogi w Sokolcu (w stron\u0119 prze\u0142\u0119czy), odcinek Dzikowiec \u2013 Koszyn, Dzikowiec \u2013 Podlesie, a tak\u017ce doko\u0144czenie remontu wzd\u0142u\u017c wsi: Czerwie\u0144czyce i Nowa Wie\u015b K\u0142odzka. W tym roku Gmina Nowa Ruda, zgodnie z ustaleniami ze Starostwem Powiatowym w K\u0142odzku, zabezpieczy\u0142a w bud\u017cecie \u015brodki na przebudow\u0119 drogi w Nowej Wsi K\u0142odzkiej. Mimo z\u0142o\u017conej deklaracji, starostwo wycofa\u0142o si\u0119 z realizacji tego zadania \u2013 dodaje w\u00f3jt.<br \/>\nC\u00f3\u017c, nale\u017cy liczy\u0107, \u017ce w\u0142adze samorz\u0105dowe si\u0119 dogadaj\u0105, a powiat k\u0142odzki pozyska \u015brodki z rz\u0105dowego programu remontu dr\u00f3g lokalnych. W poniedzia\u0142ek 30 lipca w K\u0142odzku odby\u0142o si\u0119 spotkanie senatora Aleksandra Szweda z przedstawicielami mieszka\u0144c\u00f3w wsi: \u015awierki, Dworki, Krajan\u00f3w, Sokolica i W\u0142odowice. Senator zosta\u0142 poproszony o interwencj\u0119 w sprawie przy\u015bpieszenia remontu.<\/p>\n<p align=\"center\"><span style=\"color: #0000ff;\">Str. 3 w numerze 341 tygodnika \u201eNoworudzianin\u201d dost\u0119pny w<\/span> <a href=\"https:\/\/www.noworudzianin.pl\/WWW\/archiwum\/rok-2018-numery-od-312-do-362\/\" target=\"_blank\">archiwum<\/a>.<\/p>\n<p><script language=\"JavaScript\">\n<!--\nfunction FP_swapImg() {\/\/v1.0\n var doc=document,args=arguments,elm,n; doc.$imgSwaps=new Array(); for(n=2; n<args.length;\n n+=2) { elm=FP_getObjectByID(args[n]); if(elm) { doc.$imgSwaps[doc.$imgSwaps.length]=elm;\n elm.$src=elm.src; elm.src=args[n+1]; } }\n}\nfunction FP_preloadImgs() {\/\/v1.0\n var d=document,a=arguments; if(!d.FP_imgs) d.FP_imgs=new Array();\n for(var i=0; i<a.length; i++) { d.FP_imgs[i]=new Image; d.FP_imgs[i].src=a[i]; }\n}\nfunction FP_getObjectByID(id,o) {\/\/v1.0\n var c,el,els,f,m,n; if(!o)o=document; if(o.getElementById) el=o.getElementById(id);\n else if(o.layers) c=o.layers; else if(o.all) el=o.all[id]; if(el) return el;\n if(o.id==id || o.name==id) return o; if(o.childNodes) c=o.childNodes; if(c)\n for(n=0; n<c.length; n++) { el=FP_getObjectByID(id,c[n]); if(el) return el; }\n f=o.forms; if(f) for(n=0; n<f.length; n++) { els=f[n].elements;\n for(m=0; m<els.length; m++){ el=FP_getObjectByID(id,els[n]); if(el) return el; } }\n return null;\n}\n\/\/ -->\n<\/script><br \/>\n<body onload=\"FP_preloadImgs(\/*url*\/'http:\/\/www.noworudzianin.pl\/WWW\/images\/button53.jpg', \/*url*\/'http:\/\/www.noworudzianin.pl\/WWW\/images\/button52.jpg')\"><\/p>\n<p align=\"center\">\n\t\t\t<a target=\"_blank\" href=\"http:\/\/www.noworudzianin.pl\/WWW\/images\/341_b.jpg\"><br \/>\n\t\t\t<img loading=\"lazy\" decoding=\"async\" border=\"1\" src=\"http:\/\/www.noworudzianin.pl\/WWW\/images\/341_b_small.jpg\" width=\"221\" height=\"300\"><\/a><br \/>\n\t\t\t<font face=\"Verdana\">Numer 341<br \/>\n\t\t\t<font size=\"2\">3-9 sierpnia 2018 r.<\/font><\/font><br \/><a title=\"pobierz e-gazet\u0119\" onclick=\"window.open('\/egazeta\/index.php?n=341','Pobierz_egazete', 'menubar=no,toolbar=no,location=no,directories=no,status=no,scrollbars=no,resizable=no,fullscreen=no,channelmode=no,width=400,height=400').focus(); return false()\"><img loading=\"lazy\" decoding=\"async\" border=\"0\" id=\"img62\" src=\"http:\/\/www.noworudzianin.pl\/WWW\/images\/button51.jpg\" height=\"30\" width=\"150\" alt=\"Pobierz tutaj (pdf)\" onmouseover=\"FP_swapImg(1,0,\/*id*\/'img62',\/*url*\/'http:\/\/www.noworudzianin.pl\/WWW\/images\/button52.jpg')\" onmouseout=\"FP_swapImg(0,0,\/*id*\/'img62',\/*url*\/'http:\/\/www.noworudzianin.pl\/WWW\/images\/button51.jpg')\" onmousedown=\"FP_swapImg(1,0,\/*id*\/'img62',\/*url*\/'http:\/\/www.noworudzianin.pl\/WWW\/images\/button53.jpg')\" onmouseup=\"FP_swapImg(0,0,\/*id*\/'img62',\/*url*\/'http:\/\/www.noworudzianin.pl\/WWW\/images\/button52.jpg')\" fp-style=\"fp-btn: Glass Rectangle 1; fp-font-size: 12; fp-orig: 0\" fp-title=\"Pobierz tutaj (pdf)\"><\/a><\/p>\n","protected":false},"excerpt":{"rendered":"<p>Droga \u015awierki \u2013 W\u0142odowice mo\u017ce by\u0107 doskona\u0142ym torem dla zawodnik\u00f3w off-road. Mieszka\u0144cy walcz\u0105 o\u00a0remont drogi ju\u017c kilka lat<\/p>\n","protected":false},"author":4,"featured_media":9700,"comment_status":"open","ping_status":"closed","sticky":false,"template":"","format":"standard","meta":{"om_disable_all_campaigns":false,"_monsterinsights_skip_tracking":false,"_monsterinsights_sitenote_active":false,"_monsterinsights_sitenote_note":"","_monsterinsights_sitenote_category":0,"_uf_show_specific_survey":0,"_uf_disable_surveys":false,"footnotes":""},"categories":[2,29,426],"tags":[552,2932,1017,20,5,2919],"aioseo_notices":[],"amp_enabled":true,"_links":{"self":[{"href":"https:\/\/www.noworudzianin.pl\/WWW\/wp-json\/wp\/v2\/posts\/9634"}],"collection":[{"href":"https:\/\/www.noworudzianin.pl\/WWW\/wp-json\/wp\/v2\/posts"}],"about":[{"href":"https:\/\/www.noworudzianin.pl\/WWW\/wp-json\/wp\/v2\/types\/post"}],"author":[{"embeddable":true,"href":"https:\/\/www.noworudzianin.pl\/WWW\/wp-json\/wp\/v2\/users\/4"}],"replies":[{"embeddable":true,"href":"https:\/\/www.noworudzianin.pl\/WWW\/wp-json\/wp\/v2\/comments?post=9634"}],"version-history":[{"count":5,"href":"https:\/\/www.noworudzianin.pl\/WWW\/wp-json\/wp\/v2\/posts\/9634\/revisions"}],"predecessor-version":[{"id":9705,"href":"https:\/\/www.noworudzianin.pl\/WWW\/wp-json\/wp\/v2\/posts\/9634\/revisions\/9705"}],"wp:featuredmedia":[{"embeddable":true,"href":"https:\/\/www.noworudzianin.pl\/WWW\/wp-json\/wp\/v2\/media\/9700"}],"wp:attachment":[{"href":"https:\/\/www.noworudzianin.pl\/WWW\/wp-json\/wp\/v2\/media?parent=9634"}],"wp:term":[{"taxonomy":"category","embeddable":true,"href":"https:\/\/www.noworudzianin.pl\/WWW\/wp-json\/wp\/v2\/categories?post=9634"},{"taxonomy":"post_tag","embeddable":true,"href":"https:\/\/www.noworudzianin.pl\/WWW\/wp-json\/wp\/v2\/tags?post=9634"}],"curies":[{"name":"wp","href":"https:\/\/api.w.org\/{rel}","templated":true}]}}