{"id":2383,"count":1,"description":"","link":"https:\/\/www.noworudzianin.pl\/WWW\/tag\/maciej-malenczuk-z-solowym-koncertem-w-zabkowicach-slaskich\/","name":"Maciej Male\u0144czuk z solowym koncertem w Z\u0105bkowicach \u015al\u0105skich","slug":"maciej-malenczuk-z-solowym-koncertem-w-zabkowicach-slaskich","taxonomy":"post_tag","meta":[],"_links":{"self":[{"href":"https:\/\/www.noworudzianin.pl\/WWW\/wp-json\/wp\/v2\/tags\/2383"}],"collection":[{"href":"https:\/\/www.noworudzianin.pl\/WWW\/wp-json\/wp\/v2\/tags"}],"about":[{"href":"https:\/\/www.noworudzianin.pl\/WWW\/wp-json\/wp\/v2\/taxonomies\/post_tag"}],"wp:post_type":[{"href":"https:\/\/www.noworudzianin.pl\/WWW\/wp-json\/wp\/v2\/posts?tags=2383"}],"curies":[{"name":"wp","href":"https:\/\/api.w.org\/{rel}","templated":true}]}}