{"id":2871,"count":1,"description":"","link":"https:\/\/www.noworudzianin.pl\/WWW\/tag\/wladyslawa-i-stanislaw-slipekowie-z-suszyny\/","name":"W\u0142adys\u0142awa i Stanis\u0142aw \u015alipekowie z Suszyny","slug":"wladyslawa-i-stanislaw-slipekowie-z-suszyny","taxonomy":"post_tag","meta":[],"_links":{"self":[{"href":"https:\/\/www.noworudzianin.pl\/WWW\/wp-json\/wp\/v2\/tags\/2871"}],"collection":[{"href":"https:\/\/www.noworudzianin.pl\/WWW\/wp-json\/wp\/v2\/tags"}],"about":[{"href":"https:\/\/www.noworudzianin.pl\/WWW\/wp-json\/wp\/v2\/taxonomies\/post_tag"}],"wp:post_type":[{"href":"https:\/\/www.noworudzianin.pl\/WWW\/wp-json\/wp\/v2\/posts?tags=2871"}],"curies":[{"name":"wp","href":"https:\/\/api.w.org\/{rel}","templated":true}]}}