{"id":2873,"count":1,"description":"","link":"https:\/\/www.noworudzianin.pl\/WWW\/tag\/maria-i-waldemar-zelisko-ze-scinawki-sredniej\/","name":"Maria i Waldemar \u017belisko ze \u015acinawki \u015aredniej","slug":"maria-i-waldemar-zelisko-ze-scinawki-sredniej","taxonomy":"post_tag","meta":[],"_links":{"self":[{"href":"https:\/\/www.noworudzianin.pl\/WWW\/wp-json\/wp\/v2\/tags\/2873"}],"collection":[{"href":"https:\/\/www.noworudzianin.pl\/WWW\/wp-json\/wp\/v2\/tags"}],"about":[{"href":"https:\/\/www.noworudzianin.pl\/WWW\/wp-json\/wp\/v2\/taxonomies\/post_tag"}],"wp:post_type":[{"href":"https:\/\/www.noworudzianin.pl\/WWW\/wp-json\/wp\/v2\/posts?tags=2873"}],"curies":[{"name":"wp","href":"https:\/\/api.w.org\/{rel}","templated":true}]}}