{"id":2992,"count":1,"description":"","link":"https:\/\/www.noworudzianin.pl\/WWW\/tag\/otwarcie-bozkowskiego-centrum-umiejetnosci\/","name":"Otwarcie Bo\u017ckowskiego Centrum Umiej\u0119tno\u015bci","slug":"otwarcie-bozkowskiego-centrum-umiejetnosci","taxonomy":"post_tag","meta":[],"_links":{"self":[{"href":"https:\/\/www.noworudzianin.pl\/WWW\/wp-json\/wp\/v2\/tags\/2992"}],"collection":[{"href":"https:\/\/www.noworudzianin.pl\/WWW\/wp-json\/wp\/v2\/tags"}],"about":[{"href":"https:\/\/www.noworudzianin.pl\/WWW\/wp-json\/wp\/v2\/taxonomies\/post_tag"}],"wp:post_type":[{"href":"https:\/\/www.noworudzianin.pl\/WWW\/wp-json\/wp\/v2\/posts?tags=2992"}],"curies":[{"name":"wp","href":"https:\/\/api.w.org\/{rel}","templated":true}]}}