{"id":3873,"count":1,"description":"","link":"https:\/\/www.noworudzianin.pl\/WWW\/tag\/o-krzysiu-ktory-chodzi-do-pracy-ze-swoja-mama\/","name":"O Krzysiu kt\u00f3ry chodzi do pracy ze swoj\u0105 mam\u0105","slug":"o-krzysiu-ktory-chodzi-do-pracy-ze-swoja-mama","taxonomy":"post_tag","meta":[],"_links":{"self":[{"href":"https:\/\/www.noworudzianin.pl\/WWW\/wp-json\/wp\/v2\/tags\/3873"}],"collection":[{"href":"https:\/\/www.noworudzianin.pl\/WWW\/wp-json\/wp\/v2\/tags"}],"about":[{"href":"https:\/\/www.noworudzianin.pl\/WWW\/wp-json\/wp\/v2\/taxonomies\/post_tag"}],"wp:post_type":[{"href":"https:\/\/www.noworudzianin.pl\/WWW\/wp-json\/wp\/v2\/posts?tags=3873"}],"curies":[{"name":"wp","href":"https:\/\/api.w.org\/{rel}","templated":true}]}}