{"id":5274,"count":1,"description":"","link":"https:\/\/www.noworudzianin.pl\/WWW\/tag\/postoj-w-czeskich-fabrykach-przedluzony\/","name":"Post\u00f3j w czeskich fabrykach przed\u0142u\u017cony","slug":"postoj-w-czeskich-fabrykach-przedluzony","taxonomy":"post_tag","meta":[],"_links":{"self":[{"href":"https:\/\/www.noworudzianin.pl\/WWW\/wp-json\/wp\/v2\/tags\/5274"}],"collection":[{"href":"https:\/\/www.noworudzianin.pl\/WWW\/wp-json\/wp\/v2\/tags"}],"about":[{"href":"https:\/\/www.noworudzianin.pl\/WWW\/wp-json\/wp\/v2\/taxonomies\/post_tag"}],"wp:post_type":[{"href":"https:\/\/www.noworudzianin.pl\/WWW\/wp-json\/wp\/v2\/posts?tags=5274"}],"curies":[{"name":"wp","href":"https:\/\/api.w.org\/{rel}","templated":true}]}}