{"id":5790,"count":1,"description":"","link":"https:\/\/www.noworudzianin.pl\/WWW\/tag\/pawel-gargol-zlozyl-slubowanie\/","name":"Pawe\u0142 Gargol z\u0142o\u017cy\u0142 \u015blubowanie","slug":"pawel-gargol-zlozyl-slubowanie","taxonomy":"post_tag","meta":[],"_links":{"self":[{"href":"https:\/\/www.noworudzianin.pl\/WWW\/wp-json\/wp\/v2\/tags\/5790"}],"collection":[{"href":"https:\/\/www.noworudzianin.pl\/WWW\/wp-json\/wp\/v2\/tags"}],"about":[{"href":"https:\/\/www.noworudzianin.pl\/WWW\/wp-json\/wp\/v2\/taxonomies\/post_tag"}],"wp:post_type":[{"href":"https:\/\/www.noworudzianin.pl\/WWW\/wp-json\/wp\/v2\/posts?tags=5790"}],"curies":[{"name":"wp","href":"https:\/\/api.w.org\/{rel}","templated":true}]}}