{"id":5963,"count":1,"description":"","link":"https:\/\/www.noworudzianin.pl\/WWW\/tag\/bedziemy-zwiekszac-ilosc-przewozow\/","name":"B\u0119dziemy zwi\u0119ksza\u0107 ilo\u015b\u0107 przewoz\u00f3w","slug":"bedziemy-zwiekszac-ilosc-przewozow","taxonomy":"post_tag","meta":[],"_links":{"self":[{"href":"https:\/\/www.noworudzianin.pl\/WWW\/wp-json\/wp\/v2\/tags\/5963"}],"collection":[{"href":"https:\/\/www.noworudzianin.pl\/WWW\/wp-json\/wp\/v2\/tags"}],"about":[{"href":"https:\/\/www.noworudzianin.pl\/WWW\/wp-json\/wp\/v2\/taxonomies\/post_tag"}],"wp:post_type":[{"href":"https:\/\/www.noworudzianin.pl\/WWW\/wp-json\/wp\/v2\/posts?tags=5963"}],"curies":[{"name":"wp","href":"https:\/\/api.w.org\/{rel}","templated":true}]}}