{"id":665,"count":1,"description":"","link":"https:\/\/www.noworudzianin.pl\/WWW\/tag\/ku-pamieci-zolnierzy-wykletych\/","name":"Ku pami\u0119ci \u017bo\u0142nierzy Wykl\u0119tych","slug":"ku-pamieci-zolnierzy-wykletych","taxonomy":"post_tag","meta":[],"_links":{"self":[{"href":"https:\/\/www.noworudzianin.pl\/WWW\/wp-json\/wp\/v2\/tags\/665"}],"collection":[{"href":"https:\/\/www.noworudzianin.pl\/WWW\/wp-json\/wp\/v2\/tags"}],"about":[{"href":"https:\/\/www.noworudzianin.pl\/WWW\/wp-json\/wp\/v2\/taxonomies\/post_tag"}],"wp:post_type":[{"href":"https:\/\/www.noworudzianin.pl\/WWW\/wp-json\/wp\/v2\/posts?tags=665"}],"curies":[{"name":"wp","href":"https:\/\/api.w.org\/{rel}","templated":true}]}}