{"id":7138,"count":1,"description":"","link":"https:\/\/www.noworudzianin.pl\/WWW\/tag\/jaka-maszyne-ukryl-na-strychu-niemiec-ktory-mieszkal-tuz-przy-sztabie-projektujacym-kompleks-riese\/","name":"Jak\u0105 maszyn\u0119 ukry\u0142 na strychu Niemiec kt\u00f3ry mieszka\u0142 tu\u017c przy sztabie projektuj\u0105cym kompleks Riese?","slug":"jaka-maszyne-ukryl-na-strychu-niemiec-ktory-mieszkal-tuz-przy-sztabie-projektujacym-kompleks-riese","taxonomy":"post_tag","meta":[],"_links":{"self":[{"href":"https:\/\/www.noworudzianin.pl\/WWW\/wp-json\/wp\/v2\/tags\/7138"}],"collection":[{"href":"https:\/\/www.noworudzianin.pl\/WWW\/wp-json\/wp\/v2\/tags"}],"about":[{"href":"https:\/\/www.noworudzianin.pl\/WWW\/wp-json\/wp\/v2\/taxonomies\/post_tag"}],"wp:post_type":[{"href":"https:\/\/www.noworudzianin.pl\/WWW\/wp-json\/wp\/v2\/posts?tags=7138"}],"curies":[{"name":"wp","href":"https:\/\/api.w.org\/{rel}","templated":true}]}}